{"id":10115,"date":"2022-01-24T23:11:00","date_gmt":"2022-01-25T05:11:00","guid":{"rendered":"https:\/\/teegro.gob.mx\/inicio\/?p=10115"},"modified":"2023-05-10T16:30:56","modified_gmt":"2023-05-10T21:30:56","slug":"tercera-sesion-publica-de-resolucion-2","status":"publish","type":"post","link":"https:\/\/teegro.gob.mx\/sitio2025\/tercera-sesion-publica-de-resolucion-2\/","title":{"rendered":"Tercera Sesi\u00f3n P\u00fablica de Resoluci\u00f3n"},"content":{"rendered":"<!-- VideographyWP Plugin Message: Automatic video embedding prevented by plugin options. -->\n\n<ul>\n<li><a href=\"https:\/\/teegro.gob.mx\/inicio\/wp-content\/uploads\/2022\/01\/lista240122.pdf\">Orden del d\u00eda<\/a><\/li>\n<li><a href=\"https:\/\/teegro.gob.mx\/inicio\/wp-content\/uploads\/2022\/01\/Lista240122_comp.pdf\">Complementaria<\/a><\/li>\n<li><a href=\"https:\/\/youtu.be\/fRQvEOJAEWY\">V\u00eddeo de la Sesi\u00f3n<\/a><\/li>\n<\/ul>\n<h3>Contenido<\/h3>\n<ul>\n<li>TEE\/PES\/038\/2021 ACUERDO PLENARIO &#8211; Abelina L\u00f3pez Rodr\u00edguez<\/li>\n<li>TEE\/SSI\/JLI\/004\/2015 INCIDENTE &#8211; Osmayra Alejandra Hern\u00e1ndez Nava<\/li>\n<li>TEE\/PES\/052\/2021 &#8211; Selene Sotelo Maldonado<\/li>\n<li>TEE\/JEC\/301\/2021 &#8211; Jorge Luis Suastegui Victoriano y otras personas<\/li>\n<li>TEE\/JEC\/303\/2021 &#8211; Carmelo Loeza Hern\u00e1ndez<\/li>\n<\/ul>\n<h3>Complementaria<\/h3>\n<ul>\n<li>TEE\/JEC\/002\/2022 &#8211; Mauro Hern\u00e1ndez M\u00e9ndez<\/li>\n<\/ul>\n<h2><!--more--><\/h2>\n<h3><strong>TEE\/PES\/038\/2021 ACUERDO PLENARIO<\/strong><\/h3>\n<p><strong>Denunciante:<\/strong> Abelina L\u00f3pez Rodr\u00edguez<\/p>\n<p><strong>Denunciado:<\/strong> Ricardo Taja Ram\u00edrez y el PRI<\/p>\n<p><strong>Descarga:<\/strong> <a href=\"https:\/\/teegro.gob.mx\/inicio\/wp-content\/uploads\/2022\/01\/TEE-PES-038-2021.pdf\">Descarga<\/a><\/p>\n<h3><strong>TEE\/SSI\/JLI\/004\/2015 INCIDENTE<\/strong><\/h3>\n<p><strong>Actor:<\/strong> Osmayra Alejandra Hern\u00e1ndez Nava<\/p>\n<p><strong>Autoridad responsable:<\/strong> IEPCGro<\/p>\n<p><strong>Descarga:<\/strong> <a href=\"https:\/\/teegro.gob.mx\/inicio\/wp-content\/uploads\/2022\/01\/TEE-SSI-JLI-004-2015.pdf\">Descarga<\/a><\/p>\n<h3><strong>TEE\/PES\/052\/2021<\/strong><\/h3>\n<p><strong>Denunciante:<\/strong> Selene Sotelo Maldonado<\/p>\n<p><strong>Denunciado:<\/strong> Edmundo Delgado Gallardo, Nicolas Villareal Dircio y quien resulte responsable<\/p>\n<p><strong>Descarga:<\/strong> <a href=\"https:\/\/teegro.gob.mx\/inicio\/wp-content\/uploads\/2022\/01\/TEE-PES-052-2021.pdf\">Descarga<\/a><\/p>\n<h3><strong>TEE\/JEC\/301\/2021<\/strong><\/h3>\n<p><strong>Actor:<\/strong> Jorge Luis Suastegui Victoriano y otras personas<\/p>\n<p><strong>Autoridad responsable:<\/strong> Ayuntamiento del Municipio de San Marcos Guerrero y otra<\/p>\n<p><strong>Descarga:<\/strong> <a href=\"https:\/\/teegro.gob.mx\/inicio\/wp-content\/uploads\/2022\/01\/TEE-JEC-301-2021.pdf\">Descarga<\/a><\/p>\n<h3><strong>TEE\/JEC\/303\/2021<\/strong><\/h3>\n<p><strong>Actor:<\/strong> Carmelo Loeza Hern\u00e1ndez<\/p>\n<p><strong>Autoridad responsable:<\/strong> Comisi\u00f3n Nacional de Honestidad y Justicia de Morena<\/p>\n<p><strong>Descarga:<\/strong> <a href=\"https:\/\/teegro.gob.mx\/inicio\/wp-content\/uploads\/2022\/01\/TEE-JEC-303-2021.pdf\">Descarga<\/a><\/p>\n<h3>Complementaria<\/h3>\n<h3><strong>TEE\/JEC\/002\/2022<\/strong><\/h3>\n<p><strong>Actor:<\/strong> Mauro Hern\u00e1ndez M\u00e9ndez<\/p>\n<p><strong>Autoridad responsable:<\/strong> Ayuntamiento de Tlalixtlaquilla de Maldonado<\/p>\n<p><strong>Descarga:<\/strong> <a href=\"https:\/\/teegro.gob.mx\/inicio\/wp-content\/uploads\/2022\/01\/TEE-JEC-002-2022.pdf\">Descarga<\/a><\/p>\n","protected":false},"excerpt":{"rendered":"<p>Orden del d\u00eda Complementaria V\u00eddeo de la Sesi\u00f3n Contenido TEE\/PES\/038\/2021 ACUERDO PLENARIO &#8211; Abelina L\u00f3pez Rodr\u00edguez TEE\/SSI\/JLI\/004\/2015 INCIDENTE &#8211; Osmayra Alejandra Hern\u00e1ndez Nava TEE\/PES\/052\/2021 &#8211; Selene Sotelo Maldonado TEE\/JEC\/301\/2021 &#8211; Jorge Luis Suastegui Victoriano y otras personas TEE\/JEC\/303\/2021 &#8211; Carmelo Loeza Hern\u00e1ndez Complementaria TEE\/JEC\/002\/2022 &#8211; Mauro Hern\u00e1ndez M\u00e9ndez<\/p>\n","protected":false},"author":1,"featured_media":0,"comment_status":"open","ping_status":"open","sticky":false,"template":"","format":"standard","meta":{"_acf_changed":false,"footnotes":""},"categories":[210],"tags":[],"class_list":["post-10115","post","type-post","status-publish","format-standard","hentry","category-gaceta"],"acf":[],"_links":{"self":[{"href":"https:\/\/teegro.gob.mx\/sitio2025\/wp-json\/wp\/v2\/posts\/10115","targetHints":{"allow":["GET"]}}],"collection":[{"href":"https:\/\/teegro.gob.mx\/sitio2025\/wp-json\/wp\/v2\/posts"}],"about":[{"href":"https:\/\/teegro.gob.mx\/sitio2025\/wp-json\/wp\/v2\/types\/post"}],"author":[{"embeddable":true,"href":"https:\/\/teegro.gob.mx\/sitio2025\/wp-json\/wp\/v2\/users\/1"}],"replies":[{"embeddable":true,"href":"https:\/\/teegro.gob.mx\/sitio2025\/wp-json\/wp\/v2\/comments?post=10115"}],"version-history":[{"count":6,"href":"https:\/\/teegro.gob.mx\/sitio2025\/wp-json\/wp\/v2\/posts\/10115\/revisions"}],"predecessor-version":[{"id":10122,"href":"https:\/\/teegro.gob.mx\/sitio2025\/wp-json\/wp\/v2\/posts\/10115\/revisions\/10122"}],"wp:attachment":[{"href":"https:\/\/teegro.gob.mx\/sitio2025\/wp-json\/wp\/v2\/media?parent=10115"}],"wp:term":[{"taxonomy":"category","embeddable":true,"href":"https:\/\/teegro.gob.mx\/sitio2025\/wp-json\/wp\/v2\/categories?post=10115"},{"taxonomy":"post_tag","embeddable":true,"href":"https:\/\/teegro.gob.mx\/sitio2025\/wp-json\/wp\/v2\/tags?post=10115"}],"curies":[{"name":"wp","href":"https:\/\/api.w.org\/{rel}","templated":true}]}}