{"id":10125,"date":"2022-02-01T11:00:29","date_gmt":"2022-02-01T17:00:29","guid":{"rendered":"https:\/\/teegro.gob.mx\/inicio\/?p=10125"},"modified":"2023-05-10T23:03:19","modified_gmt":"2023-05-11T04:03:19","slug":"cuarta-sesion-publica-de-resolucion-2","status":"publish","type":"post","link":"https:\/\/teegro.gob.mx\/sitio2025\/cuarta-sesion-publica-de-resolucion-2\/","title":{"rendered":"Cuarta Sesi\u00f3n P\u00fablica de Resoluci\u00f3n"},"content":{"rendered":"<!-- VideographyWP Plugin Message: Automatic video embedding prevented by plugin options. -->\n\n<ul>\n<li><a href=\"https:\/\/teegro.gob.mx\/inicio\/wp-content\/uploads\/2022\/01\/Lista010222.pdf\">Orden del d\u00eda<\/a><\/li>\n<li><a href=\"https:\/\/youtu.be\/_sKBcB7GTe4\">V\u00eddeo de la Sesi\u00f3n<\/a><\/li>\n<\/ul>\n<h3>Contenido<\/h3>\n<ul>\n<li>TEE\/JEC\/279\/2021 Acuerdo Plenario &#8211; Calixto Ram\u00edrez Vargas, Guillermo Sotelo Raviela y otros<\/li>\n<li>TEE\/JEC\/003\/2022 Acuerdo Plenario &#8211; Sergio Montes Carrillo<\/li>\n<li>TEE\/JEC\/007\/2022 Acuerdo Plenario &#8211; Cornelio Carreto Tapia<\/li>\n<li>TEE\/JEC\/300\/2021 y TEE\/JEC\/001\/2022 &#8211; Guillermina Nazario Sotero, Alberto V\u00e1zquez Mendoza y otras personas<\/li>\n<li>TEE\/JEC\/302\/2021 &#8211; Jaime Gallardo Morales y otras personas<\/li>\n<\/ul>\n<h2><!--more--><\/h2>\n<h3><strong>TEE\/JEC\/279\/2021 Acuerdo Plenario<\/strong><\/h3>\n<p><strong>Actor:<\/strong> Calixto Ram\u00edrez Vargas, Guillermo Sotelo Raviela y otros<\/p>\n<p><strong>Autoridad responsable:<\/strong> Ayuntamiento Municipal de T\u00e9cpan de Galena, Guerrero<\/p>\n<p><strong>Descarga:<\/strong> <a href=\"https:\/\/teegro.gob.mx\/inicio\/wp-content\/uploads\/2022\/02\/TEE-JEC-279-2021-Acuerdo.pdf\">Descarga<\/a><\/p>\n<h3><strong>TEE\/JEC\/003\/2022 Acuerdo Plenario<\/strong><\/h3>\n<p><strong>Actor:<\/strong> Sergio Montes Carrillo<\/p>\n<p><strong>Autoridad responsable:<\/strong> Consejo Nacional de Morena<\/p>\n<p><strong>Descarga:<\/strong> Retirado<\/p>\n<h3><strong>TEE\/JEC\/007\/2022 Acuerdo Plenario<\/strong><\/h3>\n<p><strong>Actor:<\/strong> Cornelio Carreto Tapia<\/p>\n<p><strong>Autoridad responsable:<\/strong> Ayuntamiento de Coyuca de Ben\u00edtez, Guerrero<\/p>\n<p><strong>Descarga:<\/strong> <a href=\"https:\/\/teegro.gob.mx\/inicio\/wp-content\/uploads\/2022\/02\/TEE-JEC-007-2022-Acuerdo.pdf\">Descarga<\/a><\/p>\n<h3><strong>TEE\/JEC\/300\/2021 y TEE\/JEC\/001\/2022<\/strong><\/h3>\n<p><strong>Actor:<\/strong> Guillermina Nazario Sotero, Alberto V\u00e1zquez Mendoza y otras personas<\/p>\n<p><strong>Autoridad responsable:<\/strong> IEPCGro<\/p>\n<p><strong>Descarga:<\/strong> Retirado<\/p>\n<h3><strong>TEE\/JEC\/302\/2021<\/strong><\/h3>\n<p><strong>Actor:<\/strong> Jaime Gallardo Morales y otras personas<\/p>\n<p><strong>Autoridad responsable:<\/strong> IEPCGro<\/p>\n<p><strong>Descarga:<\/strong> Retirado<\/p>\n","protected":false},"excerpt":{"rendered":"<p>Orden del d\u00eda V\u00eddeo de la Sesi\u00f3n Contenido TEE\/JEC\/279\/2021 Acuerdo Plenario &#8211; Calixto Ram\u00edrez Vargas, Guillermo Sotelo Raviela y otros TEE\/JEC\/003\/2022 Acuerdo Plenario &#8211; Sergio Montes Carrillo TEE\/JEC\/007\/2022 Acuerdo Plenario &#8211; Cornelio Carreto Tapia TEE\/JEC\/300\/2021 y TEE\/JEC\/001\/2022 &#8211; Guillermina Nazario Sotero, Alberto V\u00e1zquez Mendoza y otras personas TEE\/JEC\/302\/2021 &#8211; Jaime Gallardo Morales y otras personas<\/p>\n","protected":false},"author":1,"featured_media":0,"comment_status":"open","ping_status":"open","sticky":false,"template":"","format":"standard","meta":{"_acf_changed":false,"footnotes":""},"categories":[210],"tags":[],"class_list":["post-10125","post","type-post","status-publish","format-standard","hentry","category-gaceta"],"acf":[],"_links":{"self":[{"href":"https:\/\/teegro.gob.mx\/sitio2025\/wp-json\/wp\/v2\/posts\/10125","targetHints":{"allow":["GET"]}}],"collection":[{"href":"https:\/\/teegro.gob.mx\/sitio2025\/wp-json\/wp\/v2\/posts"}],"about":[{"href":"https:\/\/teegro.gob.mx\/sitio2025\/wp-json\/wp\/v2\/types\/post"}],"author":[{"embeddable":true,"href":"https:\/\/teegro.gob.mx\/sitio2025\/wp-json\/wp\/v2\/users\/1"}],"replies":[{"embeddable":true,"href":"https:\/\/teegro.gob.mx\/sitio2025\/wp-json\/wp\/v2\/comments?post=10125"}],"version-history":[{"count":7,"href":"https:\/\/teegro.gob.mx\/sitio2025\/wp-json\/wp\/v2\/posts\/10125\/revisions"}],"predecessor-version":[{"id":10139,"href":"https:\/\/teegro.gob.mx\/sitio2025\/wp-json\/wp\/v2\/posts\/10125\/revisions\/10139"}],"wp:attachment":[{"href":"https:\/\/teegro.gob.mx\/sitio2025\/wp-json\/wp\/v2\/media?parent=10125"}],"wp:term":[{"taxonomy":"category","embeddable":true,"href":"https:\/\/teegro.gob.mx\/sitio2025\/wp-json\/wp\/v2\/categories?post=10125"},{"taxonomy":"post_tag","embeddable":true,"href":"https:\/\/teegro.gob.mx\/sitio2025\/wp-json\/wp\/v2\/tags?post=10125"}],"curies":[{"name":"wp","href":"https:\/\/api.w.org\/{rel}","templated":true}]}}