{"id":10132,"date":"2022-02-03T23:00:45","date_gmt":"2022-02-04T05:00:45","guid":{"rendered":"https:\/\/teegro.gob.mx\/inicio\/?p=10132"},"modified":"2023-05-10T22:54:18","modified_gmt":"2023-05-11T03:54:18","slug":"quinta-sesion-publica-de-resolucion-2","status":"publish","type":"post","link":"https:\/\/teegro.gob.mx\/sitio2025\/quinta-sesion-publica-de-resolucion-2\/","title":{"rendered":"Quinta Sesi\u00f3n P\u00fablica de Resoluci\u00f3n"},"content":{"rendered":"<!-- VideographyWP Plugin Message: Automatic video embedding prevented by plugin options. -->\n\n<ul>\n<li><a href=\"https:\/\/teegro.gob.mx\/inicio\/wp-content\/uploads\/2022\/02\/lista030222.pdf\">Orden del d\u00eda<\/a><\/li>\n<li><a href=\"https:\/\/youtu.be\/FLJ9LPCZBYM\">V\u00eddeo de la Sesi\u00f3n<\/a><\/li>\n<\/ul>\n<h3>Contenido<\/h3>\n<ul>\n<li>TEE\/JEC\/006\/2022 ACUERDO PLENARIO &#8211; Rufina F\u00e9lix Gil<\/li>\n<li>TEE\/JEC\/300\/2021 &#8211; Guillermina Nazario Sotero y otras personas<\/li>\n<li>TEE\/JEC\/001\/2022 &#8211; Alberto V\u00e1squez Mendoza y otras personas<\/li>\n<li>TEE\/JEC\/302\/2021 &#8211; Jaime Gallardo Morales y otras personas<\/li>\n<li>TEE\/JEC\/004\/2022 &#8211; Mar\u00eda Antonia Ram\u00edrez Marcelino y otras personas<\/li>\n<\/ul>\n<h2><!--more--><\/h2>\n<h3><strong>TEE\/JEC\/006\/2022 ACUERDO PLENARIO<\/strong><\/h3>\n<p><strong>Actor:<\/strong> Rufina F\u00e9lix Gil <\/p>\n<p><strong>Autoridad responsable:<\/strong> Ayuntamiento del Municipio de Copalillo, Gro <\/p>\n<p><strong>Descarga:<\/strong> <a href=\"https:\/\/teegro.gob.mx\/inicio\/wp-content\/uploads\/2022\/02\/TEE-JEC-006-2022-Acuerdo.pdf\">Descarga<\/a><\/p>\n<h3><strong>TEE\/JEC\/300\/2021<\/strong><\/h3>\n<p><strong>Actor:<\/strong> Guillermina Nazario Sotero y otras personas<\/p>\n<p><strong>Autoridad responsable:<\/strong> IEPCGro<\/p>\n<p><strong>Descarga:<\/strong> Retirado<\/p>\n<h3><strong>TEE\/JEC\/001\/2022<\/strong><\/h3>\n<p><strong>Actor:<\/strong> Alberto V\u00e1squez Mendoza y otras personas&nbsp;<\/p>\n<p><strong>Autoridad responsable:<\/strong> IEPCGro&nbsp;<\/p>\n<p><strong>Descarga:<\/strong> Retirado<\/p>\n<h3><strong>TEE\/JEC\/302\/2021<\/strong><\/h3>\n<p><strong>Actor:<\/strong> Jaime Gallardo Morales y otras personas&nbsp;<\/p>\n<p><strong>Autoridad responsable:<\/strong><\/p>\n<p><strong>Descarga:<\/strong> <a href=\"https:\/\/teegro.gob.mx\/inicio\/wp-content\/uploads\/2022\/02\/TEE-JEC-302-2021.pdf\">Descarga<\/a><\/p>\n<h3><strong>TEE\/JEC\/004\/2022<\/strong><\/h3>\n<p><strong>Actor:<\/strong> Mar\u00eda Antonia Ram\u00edrez Marcelino y otras personas&nbsp;<\/p>\n<p><strong>Autoridad responsable:<\/strong> Ayuntamiento de Copanatoyac, Gro&nbsp;<\/p>\n<p><strong>Descarga:<\/strong> <a href=\"https:\/\/teegro.gob.mx\/inicio\/wp-content\/uploads\/2022\/02\/TEE-JEC-004-2022.pdf\">Descarga<\/a><\/p>\n<h3>&nbsp;<\/h3>\n","protected":false},"excerpt":{"rendered":"<p>Orden del d\u00eda V\u00eddeo de la Sesi\u00f3n Contenido TEE\/JEC\/006\/2022 ACUERDO PLENARIO &#8211; Rufina F\u00e9lix Gil TEE\/JEC\/300\/2021 &#8211; Guillermina Nazario Sotero y otras personas TEE\/JEC\/001\/2022 &#8211; Alberto V\u00e1squez Mendoza y otras personas TEE\/JEC\/302\/2021 &#8211; Jaime Gallardo Morales y otras personas TEE\/JEC\/004\/2022 &#8211; Mar\u00eda Antonia Ram\u00edrez Marcelino y otras personas<\/p>\n","protected":false},"author":1,"featured_media":0,"comment_status":"open","ping_status":"open","sticky":false,"template":"","format":"standard","meta":{"_acf_changed":false,"footnotes":""},"categories":[210],"tags":[],"class_list":["post-10132","post","type-post","status-publish","format-standard","hentry","category-gaceta"],"acf":[],"_links":{"self":[{"href":"https:\/\/teegro.gob.mx\/sitio2025\/wp-json\/wp\/v2\/posts\/10132","targetHints":{"allow":["GET"]}}],"collection":[{"href":"https:\/\/teegro.gob.mx\/sitio2025\/wp-json\/wp\/v2\/posts"}],"about":[{"href":"https:\/\/teegro.gob.mx\/sitio2025\/wp-json\/wp\/v2\/types\/post"}],"author":[{"embeddable":true,"href":"https:\/\/teegro.gob.mx\/sitio2025\/wp-json\/wp\/v2\/users\/1"}],"replies":[{"embeddable":true,"href":"https:\/\/teegro.gob.mx\/sitio2025\/wp-json\/wp\/v2\/comments?post=10132"}],"version-history":[{"count":4,"href":"https:\/\/teegro.gob.mx\/sitio2025\/wp-json\/wp\/v2\/posts\/10132\/revisions"}],"predecessor-version":[{"id":10136,"href":"https:\/\/teegro.gob.mx\/sitio2025\/wp-json\/wp\/v2\/posts\/10132\/revisions\/10136"}],"wp:attachment":[{"href":"https:\/\/teegro.gob.mx\/sitio2025\/wp-json\/wp\/v2\/media?parent=10132"}],"wp:term":[{"taxonomy":"category","embeddable":true,"href":"https:\/\/teegro.gob.mx\/sitio2025\/wp-json\/wp\/v2\/categories?post=10132"},{"taxonomy":"post_tag","embeddable":true,"href":"https:\/\/teegro.gob.mx\/sitio2025\/wp-json\/wp\/v2\/tags?post=10132"}],"curies":[{"name":"wp","href":"https:\/\/api.w.org\/{rel}","templated":true}]}}