{"id":10140,"date":"2022-02-10T11:00:00","date_gmt":"2022-02-10T17:00:00","guid":{"rendered":"https:\/\/teegro.gob.mx\/inicio\/?p=10140"},"modified":"2023-05-10T23:25:30","modified_gmt":"2023-05-11T04:25:30","slug":"sexta-sesion-publica-de-resolucion-3","status":"publish","type":"post","link":"https:\/\/teegro.gob.mx\/sitio2025\/sexta-sesion-publica-de-resolucion-3\/","title":{"rendered":"Sexta Sesi\u00f3n P\u00fablica de Resoluci\u00f3n"},"content":{"rendered":"<!-- VideographyWP Plugin Message: Automatic video embedding prevented by plugin options. -->\n\n<ul>\n<li><a href=\"https:\/\/teegro.gob.mx\/inicio\/wp-content\/uploads\/2022\/02\/Lista10022022.pdf\">Orden del d\u00eda<\/a><\/li>\n<li><a href=\"https:\/\/youtu.be\/VEDk2xymUTI\">V\u00eddeo de la Sesi\u00f3n<\/a><\/li>\n<\/ul>\n<h3>Contenido<\/h3>\n<ul>\n<li>TEE\/JEC\/005\/2022 Acuerdo plenario &#8211; Erika Herrera Vargas<\/li>\n<li>TEE\/JEC\/009\/2022 Acuerdo plenario &#8211; Sen\u00e9n Jim\u00e9nez Morales<\/li>\n<li>TEE\/JEC\/300\/2021 &#8211; Guillermina Nazario Sotero y otras personas<\/li>\n<li>TEE\/JEC\/001\/2022 &#8211; Alberto V\u00e1zquez Mendoza y otras personas<\/li>\n<li>TEE\/JEC\/305\/2021 &#8211; Jos\u00e9 Gregorio Morales Ram\u00edrez y Otras<\/li>\n<li>TEE\/PES\/023\/2021 &#8211; Pedro Sergio Guti\u00e9rrez representante del PRI<\/li>\n<\/ul>\n<h2><!--more--><\/h2>\n<h3><strong>TEE\/JEC\/005\/2022 Acuerdo plenario<\/strong><\/h3>\n<p><strong>Actor:<\/strong> Erika Herrera Vargas <\/p>\n<p><strong>Autoridad responsable:<\/strong> Comit\u00e9 Directivo Estatal del PAN <\/p>\n<p><strong>Descarga:<\/strong> <a href=\"https:\/\/teegro.gob.mx\/inicio\/wp-content\/uploads\/2022\/02\/TEE-JEC-005-2022-Acuerdo.pdf\">Descarga<\/a><\/p>\n<h3><strong>TEE\/JEC\/009\/2022 Acuerdo plenario<\/strong><\/h3>\n<p><strong>Actor:<\/strong> Sen\u00e9n Jim\u00e9nez Morales<\/p>\n<p><strong>Autoridad responsable:<\/strong> Comit\u00e9 Directivo Estatal del PAN<\/p>\n<p><strong>Descarga:<\/strong> <a href=\"https:\/\/teegro.gob.mx\/inicio\/wp-content\/uploads\/2022\/02\/TEE-JEC-009-2022-Acuerdo.pdf\">Descarga<\/a><\/p>\n<h3><strong>TEE\/JEC\/300\/2021<\/strong><\/h3>\n<p><strong>Actor:<\/strong> Guillermina Nazario Sotero y otras personas&nbsp;<\/p>\n<p><strong>Autoridad responsable:<\/strong> IEPC<\/p>\n<p><strong>Descarga:<\/strong> <a href=\"https:\/\/teegro.gob.mx\/inicio\/wp-content\/uploads\/2022\/02\/TEE-JEC-300-2022.pdf\">Descarga<\/a><\/p>\n<h3><strong>TEE\/JEC\/001\/2022<\/strong><\/h3>\n<p><strong>Actor:<\/strong> Alberto V\u00e1zquez Mendoza y otras personas&nbsp;<\/p>\n<p><strong>Autoridad responsable:<\/strong> IEPC&nbsp;<\/p>\n<p><strong>Descarga:<\/strong> <a href=\"https:\/\/teegro.gob.mx\/inicio\/wp-content\/uploads\/2022\/02\/TEE-JEC-001-2022.pdf\">Descarga<\/a><\/p>\n<h3><strong>TEE\/JEC\/305\/2021<\/strong><\/h3>\n<p><strong>Actor:<\/strong> Jos\u00e9 Gregorio Morales Ram\u00edrez y Otras<\/p>\n<p><strong>Autoridad responsable:<\/strong> Secretario General de Gobierno del Estado de Guerrero&nbsp;<\/p>\n<p><strong>Descarga:<\/strong> <a href=\"https:\/\/teegro.gob.mx\/inicio\/wp-content\/uploads\/2022\/02\/TEE-JEC-305-2021-Acuerdo.pdf\">Descarga<\/a><\/p>\n<h3><strong>TEE\/PES\/023\/2021<\/strong><\/h3>\n<p><strong>Denunciante:<\/strong> Pedro Sergio Guti\u00e9rrez representante del PRI<\/p>\n<p><strong>Denunciado:<\/strong> Marcos Efr\u00e9n Parra G\u00f3mez<\/p>\n<p><strong>Descarga:<\/strong> <a href=\"https:\/\/teegro.gob.mx\/inicio\/wp-content\/uploads\/2022\/02\/TEE-PES-023-2021.pdf\">Descarga<\/a><\/p>\n<h3>&nbsp;<\/h3>\n","protected":false},"excerpt":{"rendered":"<p>Orden del d\u00eda V\u00eddeo de la Sesi\u00f3n Contenido TEE\/JEC\/005\/2022 Acuerdo plenario &#8211; Erika Herrera Vargas TEE\/JEC\/009\/2022 Acuerdo plenario &#8211; Sen\u00e9n Jim\u00e9nez Morales TEE\/JEC\/300\/2021 &#8211; Guillermina Nazario Sotero y otras personas TEE\/JEC\/001\/2022 &#8211; Alberto V\u00e1zquez Mendoza y otras personas TEE\/JEC\/305\/2021 &#8211; Jos\u00e9 Gregorio Morales Ram\u00edrez y Otras TEE\/PES\/023\/2021 &#8211; Pedro Sergio Guti\u00e9rrez representante del PRI<\/p>\n","protected":false},"author":1,"featured_media":0,"comment_status":"open","ping_status":"open","sticky":false,"template":"","format":"standard","meta":{"_acf_changed":false,"footnotes":""},"categories":[210],"tags":[],"class_list":["post-10140","post","type-post","status-publish","format-standard","hentry","category-gaceta"],"acf":[],"_links":{"self":[{"href":"https:\/\/teegro.gob.mx\/sitio2025\/wp-json\/wp\/v2\/posts\/10140","targetHints":{"allow":["GET"]}}],"collection":[{"href":"https:\/\/teegro.gob.mx\/sitio2025\/wp-json\/wp\/v2\/posts"}],"about":[{"href":"https:\/\/teegro.gob.mx\/sitio2025\/wp-json\/wp\/v2\/types\/post"}],"author":[{"embeddable":true,"href":"https:\/\/teegro.gob.mx\/sitio2025\/wp-json\/wp\/v2\/users\/1"}],"replies":[{"embeddable":true,"href":"https:\/\/teegro.gob.mx\/sitio2025\/wp-json\/wp\/v2\/comments?post=10140"}],"version-history":[{"count":4,"href":"https:\/\/teegro.gob.mx\/sitio2025\/wp-json\/wp\/v2\/posts\/10140\/revisions"}],"predecessor-version":[{"id":10144,"href":"https:\/\/teegro.gob.mx\/sitio2025\/wp-json\/wp\/v2\/posts\/10140\/revisions\/10144"}],"wp:attachment":[{"href":"https:\/\/teegro.gob.mx\/sitio2025\/wp-json\/wp\/v2\/media?parent=10140"}],"wp:term":[{"taxonomy":"category","embeddable":true,"href":"https:\/\/teegro.gob.mx\/sitio2025\/wp-json\/wp\/v2\/categories?post=10140"},{"taxonomy":"post_tag","embeddable":true,"href":"https:\/\/teegro.gob.mx\/sitio2025\/wp-json\/wp\/v2\/tags?post=10140"}],"curies":[{"name":"wp","href":"https:\/\/api.w.org\/{rel}","templated":true}]}}