{"id":10150,"date":"2022-02-24T11:00:00","date_gmt":"2022-02-24T17:00:00","guid":{"rendered":"https:\/\/teegro.gob.mx\/inicio\/?p=10150"},"modified":"2023-05-11T00:16:23","modified_gmt":"2023-05-11T05:16:23","slug":"octava-sesion-publica-de-resolucion-2","status":"publish","type":"post","link":"https:\/\/teegro.gob.mx\/sitio2025\/octava-sesion-publica-de-resolucion-2\/","title":{"rendered":"Octava Sesi\u00f3n P\u00fablica de Resoluci\u00f3n"},"content":{"rendered":"<!-- VideographyWP Plugin Message: Automatic video embedding prevented by plugin options. -->\n\n<ul>\n<li><a href=\"https:\/\/teegro.gob.mx\/inicio\/wp-content\/uploads\/2022\/02\/Lista240222.pdf\">Orden del d\u00eda<\/a><\/li>\n<li><a href=\"https:\/\/youtu.be\/tC5hasHJQy0\">V\u00eddeo de la Sesi\u00f3n<\/a><\/li>\n<\/ul>\n<h3>Contenido<\/h3>\n<ul>\n<li>TEE\/JEC\/304\/2021 Acuerdo plenario &#8211; Elizabeth Reyna Rivera y otras personas<\/li>\n<li>TEE\/AG\/001\/2022 Acuerdo plenario &#8211; Jos\u00e9 Gregorio Morales Ram\u00edrez<\/li>\n<li>TEE\/JEC\/013\/2022Acuerdo plenario &#8211; Carmelo Loeza Hern\u00e1ndez<\/li>\n<li>TEE\/JEC\/303\/2021 Acuerdo plenario &#8211; Carmelo Loeza Hern\u00e1ndez<\/li>\n<li>TEE\/PES\/020\/2021 &#8211; Jannete Santiago Adata, representante de Morena<\/li>\n<li>TEE\/LCT\/001\/2022 &#8211; Miguel Alejandro Guizado Jaimes<\/li>\n<\/ul>\n<h2><!--more--><\/h2>\n<h3><strong>TEE\/JEC\/304\/2021 Acuerdo plenario<\/strong><\/h3>\n<p><strong>Actor:<\/strong> Elizabeth Reyna Rivera y otras personas <\/p>\n<p><strong>Autoridad responsable:<\/strong> Secretario General del Ayuntamiento de Eduardo Neri <\/p>\n<p><strong>Descarga:<\/strong> <a href=\"https:\/\/teegro.gob.mx\/inicio\/wp-content\/uploads\/2022\/02\/TEE-JEC-304-2021-Acuerdo.pdf\">Descarga<\/a><\/p>\n<h3><strong>TEE\/AG\/001\/2022 Acuerdo plenario<\/strong><\/h3>\n<p><strong>Actor:<\/strong> Jos\u00e9 Gregorio Morales Ram\u00edrez<\/p>\n<p><strong>Autoridad responsable:<\/strong> Secretar\u00eda de Finanzas y Administraci\u00f3n del Gobierno del Estado de Guerrero<\/p>\n<p><strong>Descarga:<\/strong> <a href=\"https:\/\/teegro.gob.mx\/inicio\/wp-content\/uploads\/2022\/02\/TEE-AG-001-2022-Acuerdo.pdf\">Descarga<\/a><\/p>\n<h3><strong>TEE\/JEC\/013\/2022 Acuerdo plenario<\/strong><\/h3>\n<p><strong>Actor:<\/strong> Carmelo Loeza Hern\u00e1ndez<\/p>\n<p><strong>Autoridad responsable:<\/strong> Comisi\u00f3n Nacional de Honestidad y Justicia de Morena<\/p>\n<p><strong>Descarga:<\/strong> <a href=\"https:\/\/teegro.gob.mx\/inicio\/wp-content\/uploads\/2022\/02\/TEE-JEC-013-2022-Acuerdo.pdf\">Descarga<\/a><\/p>\n<h3><strong>TEE\/JEC\/303\/2021 Acuerdo plenario<\/strong><\/h3>\n<p><strong>Actor:<\/strong> Carmelo Loeza Hern\u00e1ndez<\/p>\n<p><strong>Autoridad responsable:<\/strong> Comisi\u00f3n Nacional de Honestidad y Justicia de Morena<\/p>\n<p><strong>Descarga:<\/strong> Retirado<\/p>\n<h3><strong>TEE\/PES\/020\/2021<\/strong><\/h3>\n<p><strong>Denunciante:<\/strong> Jannete Santiago Adata, representante de Morena<\/p>\n<p><strong>Denunciado:<\/strong> Efr\u00e9n Adame Montalv\u00e1n, Presidente del Ayuntamiento de Ometepec y el PRI<\/p>\n<p><strong>Descarga:<\/strong> <a href=\"https:\/\/teegro.gob.mx\/inicio\/wp-content\/uploads\/2022\/02\/TEE-PES-020-2021.pdf\">Descarga<\/a><\/p>\n<h3><strong>TEE\/LCT\/001\/2022<\/strong><\/h3>\n<p><strong>Actor:<\/strong> Miguel Alejandro Guizado Jaimes<\/p>\n<p><strong>Autoridad responsable:<\/strong> Tribunal Electoral del Estado de Guerrero<\/p>\n","protected":false},"excerpt":{"rendered":"<p>Orden del d\u00eda V\u00eddeo de la Sesi\u00f3n Contenido TEE\/JEC\/304\/2021 Acuerdo plenario &#8211; Elizabeth Reyna Rivera y otras personas TEE\/AG\/001\/2022 Acuerdo plenario &#8211; Jos\u00e9 Gregorio Morales Ram\u00edrez TEE\/JEC\/013\/2022Acuerdo plenario &#8211; Carmelo Loeza Hern\u00e1ndez TEE\/JEC\/303\/2021 Acuerdo plenario &#8211; Carmelo Loeza Hern\u00e1ndez TEE\/PES\/020\/2021 &#8211; Jannete Santiago Adata, representante de Morena TEE\/LCT\/001\/2022 &#8211; Miguel Alejandro Guizado Jaimes<\/p>\n","protected":false},"author":1,"featured_media":0,"comment_status":"open","ping_status":"open","sticky":false,"template":"","format":"standard","meta":{"_acf_changed":false,"footnotes":""},"categories":[210],"tags":[],"class_list":["post-10150","post","type-post","status-publish","format-standard","hentry","category-gaceta"],"acf":[],"_links":{"self":[{"href":"https:\/\/teegro.gob.mx\/sitio2025\/wp-json\/wp\/v2\/posts\/10150","targetHints":{"allow":["GET"]}}],"collection":[{"href":"https:\/\/teegro.gob.mx\/sitio2025\/wp-json\/wp\/v2\/posts"}],"about":[{"href":"https:\/\/teegro.gob.mx\/sitio2025\/wp-json\/wp\/v2\/types\/post"}],"author":[{"embeddable":true,"href":"https:\/\/teegro.gob.mx\/sitio2025\/wp-json\/wp\/v2\/users\/1"}],"replies":[{"embeddable":true,"href":"https:\/\/teegro.gob.mx\/sitio2025\/wp-json\/wp\/v2\/comments?post=10150"}],"version-history":[{"count":4,"href":"https:\/\/teegro.gob.mx\/sitio2025\/wp-json\/wp\/v2\/posts\/10150\/revisions"}],"predecessor-version":[{"id":10154,"href":"https:\/\/teegro.gob.mx\/sitio2025\/wp-json\/wp\/v2\/posts\/10150\/revisions\/10154"}],"wp:attachment":[{"href":"https:\/\/teegro.gob.mx\/sitio2025\/wp-json\/wp\/v2\/media?parent=10150"}],"wp:term":[{"taxonomy":"category","embeddable":true,"href":"https:\/\/teegro.gob.mx\/sitio2025\/wp-json\/wp\/v2\/categories?post=10150"},{"taxonomy":"post_tag","embeddable":true,"href":"https:\/\/teegro.gob.mx\/sitio2025\/wp-json\/wp\/v2\/tags?post=10150"}],"curies":[{"name":"wp","href":"https:\/\/api.w.org\/{rel}","templated":true}]}}