{"id":10155,"date":"2022-03-10T11:00:39","date_gmt":"2022-03-10T17:00:39","guid":{"rendered":"https:\/\/teegro.gob.mx\/inicio\/?p=10155"},"modified":"2023-05-11T00:52:53","modified_gmt":"2023-05-11T05:52:53","slug":"novena-sesion-publica-de-resolucion-3","status":"publish","type":"post","link":"https:\/\/teegro.gob.mx\/sitio2025\/novena-sesion-publica-de-resolucion-3\/","title":{"rendered":"Novena Sesi\u00f3n P\u00fablica de Resoluci\u00f3n"},"content":{"rendered":"<!-- VideographyWP Plugin Message: Automatic video embedding prevented by plugin options. -->\n\n<ul>\n<li><a href=\"https:\/\/teegro.gob.mx\/inicio\/wp-content\/uploads\/2022\/03\/Lista100322.pdf\">Orden del d\u00eda<\/a><\/li>\n<li><a href=\"https:\/\/youtu.be\/BD12DSNmDtY\">V\u00eddeo de la Sesi\u00f3n<\/a><\/li>\n<\/ul>\n<h3>Contenido<\/h3>\n<ul>\n<li>TEE\/JEC\/005\/2022 Acuerdo plenario &#8211; Erika Herrera Vargas<\/li>\n<li>TEE\/JEC\/015\/2022 Acuerdo plenario &#8211; Jos\u00e9 Gregorio Morales Ram\u00edrez&nbsp;<\/li>\n<li>TEE\/JEC\/016\/2022 Acuerdo plenario &#8211; Felicita Navarrete Neri<\/li>\n<li>TEE\/RAP\/001\/2022 y TEE\/RAP\/002\/2022 Acumulados &#8211; Representante de la Empresa Informaci\u00f3n del Sur S.A. de C.V. Editora del Diario \u201cEl Sur -Peri\u00f3dico de Guerrero\u201d<\/li>\n<li>TEE\/PES\/005\/2020 &#8211; Eleazar Mar\u00edn Quebrado, S\u00edndica Procuradora del Ayuntamiento de Teloloapan<\/li>\n<\/ul>\n<h2><!--more--><\/h2>\n<h3><strong>TEE\/JEC\/005\/2022 Acuerdo plenario<\/strong><\/h3>\n<p><strong>Actor:<\/strong> Erika Herrera Vargas<\/p>\n<p><strong>Autoridad responsable:<\/strong> Comit\u00e9 Directivo del PAN<\/p>\n<p><strong>Descarga:<\/strong> <a href=\"https:\/\/teegro.gob.mx\/inicio\/wp-content\/uploads\/2022\/03\/TEE-JEC-005-2022-Acuerdo.pdf\">Descarga<\/a><\/p>\n<h3><strong>TEE\/JEC\/015\/2022 Acuerdo plenario<\/strong><\/h3>\n<p><strong>Actor:<\/strong> Jos\u00e9 Gregorio Morales Ram\u00edrez&nbsp;<\/p>\n<p><strong>Autoridad responsable:<\/strong> Secretar\u00eda de Finanzas y Administraci\u00f3n del Gobierno del Estado de Guerrero<\/p>\n<p><strong>Descarga:<\/strong> <a href=\"https:\/\/teegro.gob.mx\/inicio\/wp-content\/uploads\/2022\/03\/TEE-JEC-015-2022-Acuerdo.pdf\">Descarga<\/a><\/p>\n<h3><strong>TEE\/JEC\/016\/2022 Acuerdo plenario<\/strong><\/h3>\n<p><strong>Actor:<\/strong> Felicita Navarrete Neri&nbsp;<\/p>\n<p><strong>Autoridad responsable:<\/strong> Comit\u00e9 Directivo del PAN<\/p>\n<p><strong>Descarga:<\/strong> <a href=\"https:\/\/teegro.gob.mx\/inicio\/wp-content\/uploads\/2022\/03\/TEE-JEC-016-2022-Acuerdo.pdf\">Descarga<\/a><\/p>\n<h3><strong>TEE\/RAP\/001\/2022 y TEE\/RAP\/002\/2022 Acumulados<\/strong><\/h3>\n<p><strong>Actor:<\/strong> Representante de la Empresa Informaci\u00f3n del Sur S.A. de C.V. Editora del Diario \u201cEl Sur -Peri\u00f3dico de Guerrero\u201d<\/p>\n<p><strong>Autoridad responsable:<\/strong> Coordinaci\u00f3n de lo Contencioso Electoral del IEPC<\/p>\n<p><strong>Descarga:<\/strong> <a href=\"https:\/\/teegro.gob.mx\/inicio\/wp-content\/uploads\/2022\/03\/TEE-RAP-001-Y-002-Acumulados.pdf\">Descargar<\/a><\/p>\n<h3><strong>TEE\/PES\/005\/2020<\/strong><\/h3>\n<p><strong>Denunciante:<\/strong> Eleazar Mar\u00edn Quebrado, S\u00edndica Procuradora del Ayuntamiento de Teloloapan<\/p>\n<p><strong>Denunciado:<\/strong> Efr\u00e9n \u00c1ngel Romero Sotelo, Fernando Javier Cuevas Ortiz y Gerardo Rend\u00f3n Ju\u00e1rez, Presidente, Tesorero y Secretario del Ayuntamiento de Teloloapan<\/p>\n<p><strong>Descarga:<\/strong> <a href=\"https:\/\/teegro.gob.mx\/inicio\/wp-content\/uploads\/2022\/03\/TEE-PES-005-2020.pdf\">Descarga<\/a><\/p>\n","protected":false},"excerpt":{"rendered":"<p>Orden del d\u00eda V\u00eddeo de la Sesi\u00f3n Contenido TEE\/JEC\/005\/2022 Acuerdo plenario &#8211; Erika Herrera Vargas TEE\/JEC\/015\/2022 Acuerdo plenario &#8211; Jos\u00e9 Gregorio Morales Ram\u00edrez&nbsp; TEE\/JEC\/016\/2022 Acuerdo plenario &#8211; Felicita Navarrete Neri TEE\/RAP\/001\/2022 y TEE\/RAP\/002\/2022 Acumulados &#8211; Representante de la Empresa Informaci\u00f3n del Sur S.A. de C.V. Editora del Diario \u201cEl Sur -Peri\u00f3dico de Guerrero\u201d TEE\/PES\/005\/2020 &#8211; [&hellip;]<\/p>\n","protected":false},"author":1,"featured_media":0,"comment_status":"open","ping_status":"open","sticky":false,"template":"","format":"standard","meta":{"_acf_changed":false,"footnotes":""},"categories":[210],"tags":[],"class_list":["post-10155","post","type-post","status-publish","format-standard","hentry","category-gaceta"],"acf":[],"_links":{"self":[{"href":"https:\/\/teegro.gob.mx\/sitio2025\/wp-json\/wp\/v2\/posts\/10155","targetHints":{"allow":["GET"]}}],"collection":[{"href":"https:\/\/teegro.gob.mx\/sitio2025\/wp-json\/wp\/v2\/posts"}],"about":[{"href":"https:\/\/teegro.gob.mx\/sitio2025\/wp-json\/wp\/v2\/types\/post"}],"author":[{"embeddable":true,"href":"https:\/\/teegro.gob.mx\/sitio2025\/wp-json\/wp\/v2\/users\/1"}],"replies":[{"embeddable":true,"href":"https:\/\/teegro.gob.mx\/sitio2025\/wp-json\/wp\/v2\/comments?post=10155"}],"version-history":[{"count":8,"href":"https:\/\/teegro.gob.mx\/sitio2025\/wp-json\/wp\/v2\/posts\/10155\/revisions"}],"predecessor-version":[{"id":10163,"href":"https:\/\/teegro.gob.mx\/sitio2025\/wp-json\/wp\/v2\/posts\/10155\/revisions\/10163"}],"wp:attachment":[{"href":"https:\/\/teegro.gob.mx\/sitio2025\/wp-json\/wp\/v2\/media?parent=10155"}],"wp:term":[{"taxonomy":"category","embeddable":true,"href":"https:\/\/teegro.gob.mx\/sitio2025\/wp-json\/wp\/v2\/categories?post=10155"},{"taxonomy":"post_tag","embeddable":true,"href":"https:\/\/teegro.gob.mx\/sitio2025\/wp-json\/wp\/v2\/tags?post=10155"}],"curies":[{"name":"wp","href":"https:\/\/api.w.org\/{rel}","templated":true}]}}