{"id":10164,"date":"2022-03-17T11:00:47","date_gmt":"2022-03-17T17:00:47","guid":{"rendered":"https:\/\/teegro.gob.mx\/inicio\/?p=10164"},"modified":"2023-05-11T01:20:08","modified_gmt":"2023-05-11T06:20:08","slug":"decima-sesion-publica-de-resolucion-3","status":"publish","type":"post","link":"https:\/\/teegro.gob.mx\/sitio2025\/decima-sesion-publica-de-resolucion-3\/","title":{"rendered":"D\u00e9cima Sesi\u00f3n P\u00fablica de Resoluci\u00f3n"},"content":{"rendered":"<!-- VideographyWP Plugin Message: Automatic video embedding prevented by plugin options. -->\n\n<ul>\n<li><a href=\"https:\/\/teegro.gob.mx\/inicio\/wp-content\/uploads\/2022\/03\/Lista170322.pdf\">Orden del d\u00eda<\/a><\/li>\n<li><a href=\"https:\/\/teegro.gob.mx\/inicio\/wp-content\/uploads\/2022\/03\/Aviso-susp-ses.pdf\">Aviso suspensi\u00f3n<\/a><\/li>\n<li><a href=\"https:\/\/teegro.gob.mx\/inicio\/wp-content\/uploads\/2022\/03\/Comp220322.pdf\">Complementaria<\/a><\/li>\n<li><a href=\"https:\/\/youtu.be\/TLIUXCydQJg\">V\u00eddeo de la Sesi\u00f3n<\/a><\/li>\n<\/ul>\n<h3>Contenido<\/h3>\n<ul>\n<li>TEE\/JEC\/010\/2022, TEE\/JEC\/011\/2022 y TEE\/JEC\/012\/2022 Acumulados &#8211; Jaime D\u00e1maso Sol\u00eds, Eloy Salmer\u00f3n D\u00edaz y Julio Alberto Galarza Castro<\/li>\n<\/ul>\n<h3>Complementaria<\/h3>\n<ul>\n<li>TEE\/PES\/052\/2021 &#8211;&nbsp; Selene Sotelo Maldonado<\/li>\n<\/ul>\n<h2><!--more--><\/h2>\n<h3><strong>TEE\/JEC\/010\/2022, TEE\/JEC\/011\/2022 y TEE\/JEC\/012\/2022 Acumulados&nbsp;<\/strong><\/h3>\n<p><strong>Actor:<\/strong> Jaime D\u00e1maso Sol\u00eds, Eloy Salmer\u00f3n D\u00edaz y Julio Alberto Galarza Castro <\/p>\n<p><strong>Autoridad responsable:<\/strong> Comisi\u00f3n de Justicia del Consejo Nacional del PAN <\/p>\n<p><strong>Descarga:<\/strong> Sesi\u00f3n cancelada<\/p>\n<h3><strong>Complementaria<\/strong><\/h3>\n<h3><strong>TEE\/PES\/052\/2021<\/strong><\/h3>\n<p><strong>Denunciante:<\/strong> Selene Sotelo Maldonado <\/p>\n<p><strong>Denunciado:<\/strong> Edmundo Delgado Gallardo, Nicol\u00e1s Villareal Dircio y quien resulte responsable <\/p>\n<p><strong>Descarga:<\/strong> <a href=\"https:\/\/teegro.gob.mx\/inicio\/wp-content\/uploads\/2022\/03\/TEE-PES-052-2021.pdf\">Descarga<\/a><\/p>\n","protected":false},"excerpt":{"rendered":"<p>Orden del d\u00eda Aviso suspensi\u00f3n Complementaria V\u00eddeo de la Sesi\u00f3n Contenido TEE\/JEC\/010\/2022, TEE\/JEC\/011\/2022 y TEE\/JEC\/012\/2022 Acumulados &#8211; Jaime D\u00e1maso Sol\u00eds, Eloy Salmer\u00f3n D\u00edaz y Julio Alberto Galarza Castro Complementaria TEE\/PES\/052\/2021 &#8211;&nbsp; Selene Sotelo Maldonado<\/p>\n","protected":false},"author":1,"featured_media":0,"comment_status":"open","ping_status":"open","sticky":false,"template":"","format":"standard","meta":{"_acf_changed":false,"footnotes":""},"categories":[210],"tags":[],"class_list":["post-10164","post","type-post","status-publish","format-standard","hentry","category-gaceta"],"acf":[],"_links":{"self":[{"href":"https:\/\/teegro.gob.mx\/sitio2025\/wp-json\/wp\/v2\/posts\/10164","targetHints":{"allow":["GET"]}}],"collection":[{"href":"https:\/\/teegro.gob.mx\/sitio2025\/wp-json\/wp\/v2\/posts"}],"about":[{"href":"https:\/\/teegro.gob.mx\/sitio2025\/wp-json\/wp\/v2\/types\/post"}],"author":[{"embeddable":true,"href":"https:\/\/teegro.gob.mx\/sitio2025\/wp-json\/wp\/v2\/users\/1"}],"replies":[{"embeddable":true,"href":"https:\/\/teegro.gob.mx\/sitio2025\/wp-json\/wp\/v2\/comments?post=10164"}],"version-history":[{"count":3,"href":"https:\/\/teegro.gob.mx\/sitio2025\/wp-json\/wp\/v2\/posts\/10164\/revisions"}],"predecessor-version":[{"id":10167,"href":"https:\/\/teegro.gob.mx\/sitio2025\/wp-json\/wp\/v2\/posts\/10164\/revisions\/10167"}],"wp:attachment":[{"href":"https:\/\/teegro.gob.mx\/sitio2025\/wp-json\/wp\/v2\/media?parent=10164"}],"wp:term":[{"taxonomy":"category","embeddable":true,"href":"https:\/\/teegro.gob.mx\/sitio2025\/wp-json\/wp\/v2\/categories?post=10164"},{"taxonomy":"post_tag","embeddable":true,"href":"https:\/\/teegro.gob.mx\/sitio2025\/wp-json\/wp\/v2\/tags?post=10164"}],"curies":[{"name":"wp","href":"https:\/\/api.w.org\/{rel}","templated":true}]}}