{"id":10183,"date":"2022-04-28T11:00:17","date_gmt":"2022-04-28T16:00:17","guid":{"rendered":"https:\/\/teegro.gob.mx\/inicio\/?p=10183"},"modified":"2023-05-11T13:02:18","modified_gmt":"2023-05-11T18:02:18","slug":"decima-quinta-sesion-publica-de-resolucion","status":"publish","type":"post","link":"https:\/\/teegro.gob.mx\/sitio2025\/decima-quinta-sesion-publica-de-resolucion\/","title":{"rendered":"D\u00e9cima Quinta Sesi\u00f3n P\u00fablica de Resoluci\u00f3n"},"content":{"rendered":"<!-- VideographyWP Plugin Message: Automatic video embedding prevented by plugin options. -->\n\n<ul>\n<li><a href=\"https:\/\/teegro.gob.mx\/inicio\/wp-content\/uploads\/2022\/04\/Lista280422.pdf\">Orden del d\u00eda<\/a><\/li>\n<li><a href=\"https:\/\/teegro.gob.mx\/inicio\/wp-content\/uploads\/2022\/04\/Listacomp280422.pdf\">Complementaria<\/a><\/li>\n<li><a href=\"https:\/\/youtu.be\/CT0UGsjy3PQ\">V\u00eddeo de la Sesi\u00f3n<\/a><\/li>\n<\/ul>\n<h3>Contenido<\/h3>\n<ul>\n<li>TEE\/JEC\/304\/2021 Acuerdo plenario &#8211; Elizabeth Reyna Rivera y Otras personas<\/li>\n<li>TEE\/JEC\/013\/2022 Acuerdo plenario &#8211; Carmelo Loeza Hern\u00e1ndez<\/li>\n<li>TEE\/JEC\/020\/2022 Acuerdo plenario &#8211; Carmelo Loeza Hern\u00e1ndez<\/li>\n<li>TEE\/JEC\/303\/2021 Acuerdo plenario &#8211; Carmelo Loeza Hern\u00e1ndez<\/li>\n<li>TEE\/JEC\/014\/2022 Acuerdo plenario &#8211; Carmelo Loeza Hern\u00e1ndez<\/li>\n<li>TEE\/JEC\/021\/2022 Acuerdo plenario\u00a0 &#8211; Leticia Javier Mar\u00edn y Otro<\/li>\n<li>TEE\/JEC\/015\/2022\u00a0 &#8211; Jos\u00e9 Gregorio Morales Ram\u00edrez<\/li>\n<li>TEE\/JEC\/018\/2022 &#8211; Jos\u00e9 Gregorio Morales Ram\u00edrez<\/li>\n<li>TEE\/PES\/002\/2022 &#8211; Yaneth Guti\u00e9rrez Izazaga, regidora Del Municipio de la Uni\u00f3n de Isidoro Montes de Oca<\/li>\n<\/ul>\n<h3>Complementaria<\/h3>\n<ul>\n<li>TEE\/JEC\/019\/2022 Acuerdo plenario &#8211; Reynaldo Abrajan Sotelo, Representante de la Organizaci\u00f3n Ciudadana &#8220;Iniciativa Popular Guerrero A.C.&#8221;<\/li>\n<\/ul>\n<p><!--more--><\/p>\n<h3><strong>TEE\/JEC\/304\/2021 Acuerdo plenario<\/strong><\/h3>\n<p><strong>Actor:<\/strong> Elizabeth Reyna Rivera y Otras personas<\/p>\n<p><strong>Autoridad responsable:<\/strong> Secretario General del Ayuntamiento de Eduardo Neri\u00a0<\/p>\n<p><strong>Descarga:<\/strong> <a href=\"https:\/\/teegro.gob.mx\/inicio\/wp-content\/uploads\/2022\/04\/TEE-JEC-304-2021.pdf\">Descargar<\/a><\/p>\n<h3><strong>TEE\/JEC\/013\/2022 Acuerdo plenario<\/strong><\/h3>\n<p><strong>Actor:<\/strong> Carmelo Loeza Hern\u00e1ndez<\/p>\n<p><strong>Autoridad responsable:<\/strong> Comisi\u00f3n Nacional de Honestidad y Justicia de MORENA<\/p>\n<p><strong>Descarga:<\/strong> <a href=\"https:\/\/teegro.gob.mx\/inicio\/wp-content\/uploads\/2022\/04\/TEE-JEC-013-2022.pdf\">Descargar<\/a><\/p>\n<h3><strong>TEE\/JEC\/020\/2022 Acuerdo plenario<\/strong><\/h3>\n<p><strong>Actor:<\/strong> Carmelo Loeza Hern\u00e1ndez\u00a0<\/p>\n<p><strong>Autoridad responsable:<\/strong> Comisi\u00f3n Nacional de Honestidad y Justicia de MORENA\u00a0<\/p>\n<p><strong>Descarga:<\/strong> <a href=\"https:\/\/teegro.gob.mx\/inicio\/wp-content\/uploads\/2022\/04\/TEE-JEC-020-2022.pdf\">Descargar<\/a><\/p>\n<h3><strong>TEE\/JEC\/303\/2021 Acuerdo plenario<\/strong><\/h3>\n<p><strong>Actor:<\/strong> Carmelo Loeza Hern\u00e1ndez<\/p>\n<p><strong>Autoridad responsable:<\/strong> Comisi\u00f3n Nacional de Honestidad y Justicia de MORENA\u00a0<\/p>\n<p><strong>Descarga:<\/strong> <a href=\"https:\/\/teegro.gob.mx\/inicio\/wp-content\/uploads\/2022\/04\/TEE-JEC-303-2021-.pdf\">Descargar<\/a><\/p>\n<h3><strong>TEE\/JEC\/014\/2022 Acuerdo plenario<\/strong><\/h3>\n<p><strong>Actor:<\/strong> Carmelo Loeza Hern\u00e1ndez<\/p>\n<p><strong>Autoridad responsable:<\/strong> Comisi\u00f3n Nacional de Honestidad y Justicia de MORENA<\/p>\n<p><strong>Descarga:<\/strong> <a href=\"https:\/\/teegro.gob.mx\/inicio\/wp-content\/uploads\/2022\/04\/TEE-JEC-014-2022.pdf\">Descargar<\/a><\/p>\n<h3><strong>TEE\/JEC\/021\/2022 Acuerdo plenario<\/strong><\/h3>\n<p><strong>Actor:<\/strong> Leticia Javier Mar\u00edn y Otro\u00a0<\/p>\n<p><strong>Autoridad responsable:<\/strong> Ayuntamiento de Azoy\u00fa\u00a0<\/p>\n<p><strong>Descarga:<\/strong> Retirado<\/p>\n<h3><strong>TEE\/JEC\/015\/2022<\/strong><\/h3>\n<p><strong>Actor:<\/strong> Jos\u00e9 Gregorio Morales Ram\u00edrez<\/p>\n<p><strong>Autoridad responsable:<\/strong> Secretario de Finanzas y Administraci\u00f3n del Gobierno del Estado de Guerrero<\/p>\n<p><strong>Descarga:<\/strong> <a href=\"https:\/\/teegro.gob.mx\/inicio\/wp-content\/uploads\/2022\/04\/TEE-JEC-015-2022.pdf\">Descargar<\/a><\/p>\n<h3><strong>TEE\/JEC\/018\/2022<\/strong><\/h3>\n<p><strong>Actor:<\/strong> Jos\u00e9 Gregorio Morales Ram\u00edrez<\/p>\n<p><strong>Autoridad responsable:<\/strong> IEPC\u00a0<\/p>\n<p><strong>Descarga:<\/strong> <a href=\"https:\/\/teegro.gob.mx\/inicio\/wp-content\/uploads\/2022\/04\/TEE-JEC-018-2022.pdf\">Descargar<\/a><\/p>\n<h3><strong>TEE\/PES\/002\/2022 <\/strong><\/h3>\n<p><strong>Denunciante:<\/strong> Yaneth Guti\u00e9rrez Izazaga, regidora Del Municipio de la Uni\u00f3n de Isidoro Montes de Oca<\/p>\n<p><strong>Denunciado:<\/strong> Crescencio Reyes Torres y Nubia Rodr\u00edguez Guido<\/p>\n<p><strong>Descarga:<\/strong> <a href=\"https:\/\/teegro.gob.mx\/inicio\/wp-content\/uploads\/2022\/04\/TEE-PES-002-2022-1.pdf\">Descargar<\/a><\/p>\n<h3>Complementaria<\/h3>\n<h3><strong>TEE\/JEC\/019\/2022 Acuerdo plenario<\/strong><\/h3>\n<p><strong>Actor:<\/strong> Reynaldo Abrajan Sotelo, Representante de la Organizaci\u00f3n Ciudadana &#8220;Iniciativa Popular Guerrero A.C.&#8221;\u00a0<\/p>\n<p><strong>Autoridad responsable:<\/strong> IEPC<\/p>\n<p><strong>Descarga:<\/strong> <a href=\"https:\/\/teegro.gob.mx\/inicio\/wp-content\/uploads\/2022\/04\/TEE-JEC-019-2022.pdf\">Descargar<\/a><\/p>\n","protected":false},"excerpt":{"rendered":"<p>Orden del d\u00eda Complementaria V\u00eddeo de la Sesi\u00f3n Contenido TEE\/JEC\/304\/2021 Acuerdo plenario &#8211; Elizabeth Reyna Rivera y Otras personas TEE\/JEC\/013\/2022 Acuerdo plenario &#8211; Carmelo Loeza Hern\u00e1ndez TEE\/JEC\/020\/2022 Acuerdo plenario &#8211; Carmelo Loeza Hern\u00e1ndez TEE\/JEC\/303\/2021 Acuerdo plenario &#8211; Carmelo Loeza Hern\u00e1ndez TEE\/JEC\/014\/2022 Acuerdo plenario &#8211; Carmelo Loeza Hern\u00e1ndez TEE\/JEC\/021\/2022 Acuerdo plenario\u00a0 &#8211; Leticia Javier Mar\u00edn y [&hellip;]<\/p>\n","protected":false},"author":1,"featured_media":0,"comment_status":"open","ping_status":"open","sticky":false,"template":"","format":"standard","meta":{"_acf_changed":false,"footnotes":""},"categories":[210],"tags":[],"class_list":["post-10183","post","type-post","status-publish","format-standard","hentry","category-gaceta"],"acf":[],"_links":{"self":[{"href":"https:\/\/teegro.gob.mx\/sitio2025\/wp-json\/wp\/v2\/posts\/10183","targetHints":{"allow":["GET"]}}],"collection":[{"href":"https:\/\/teegro.gob.mx\/sitio2025\/wp-json\/wp\/v2\/posts"}],"about":[{"href":"https:\/\/teegro.gob.mx\/sitio2025\/wp-json\/wp\/v2\/types\/post"}],"author":[{"embeddable":true,"href":"https:\/\/teegro.gob.mx\/sitio2025\/wp-json\/wp\/v2\/users\/1"}],"replies":[{"embeddable":true,"href":"https:\/\/teegro.gob.mx\/sitio2025\/wp-json\/wp\/v2\/comments?post=10183"}],"version-history":[{"count":4,"href":"https:\/\/teegro.gob.mx\/sitio2025\/wp-json\/wp\/v2\/posts\/10183\/revisions"}],"predecessor-version":[{"id":10188,"href":"https:\/\/teegro.gob.mx\/sitio2025\/wp-json\/wp\/v2\/posts\/10183\/revisions\/10188"}],"wp:attachment":[{"href":"https:\/\/teegro.gob.mx\/sitio2025\/wp-json\/wp\/v2\/media?parent=10183"}],"wp:term":[{"taxonomy":"category","embeddable":true,"href":"https:\/\/teegro.gob.mx\/sitio2025\/wp-json\/wp\/v2\/categories?post=10183"},{"taxonomy":"post_tag","embeddable":true,"href":"https:\/\/teegro.gob.mx\/sitio2025\/wp-json\/wp\/v2\/tags?post=10183"}],"curies":[{"name":"wp","href":"https:\/\/api.w.org\/{rel}","templated":true}]}}