{"id":10204,"date":"2022-05-02T11:00:00","date_gmt":"2022-05-02T16:00:00","guid":{"rendered":"https:\/\/teegro.gob.mx\/inicio\/?p=10204"},"modified":"2023-05-11T16:15:39","modified_gmt":"2023-05-11T21:15:39","slug":"decima-sexta-sesion-publica-de-resolucion","status":"publish","type":"post","link":"https:\/\/teegro.gob.mx\/sitio2025\/decima-sexta-sesion-publica-de-resolucion\/","title":{"rendered":"D\u00e9cima Sexta Sesi\u00f3n P\u00fablica de Resoluci\u00f3n"},"content":{"rendered":"<!-- VideographyWP Plugin Message: Automatic video embedding prevented by plugin options. -->\n\n<ul>\n<li><a href=\"https:\/\/teegro.gob.mx\/inicio\/wp-content\/uploads\/2022\/04\/Lista020522.pdf\">Orden del d\u00eda<\/a><\/li>\n<li><a href=\"https:\/\/youtu.be\/KD6jPDXblLk\">V\u00eddeo de la Sesi\u00f3n<\/a><\/li>\n<\/ul>\n<h3>Contenido<\/h3>\n<ul>\n<li>TEE\/PES\/004\/2022 Acuerdo plenario &#8211; Carmen Pinz\u00f3n Villanueva y Eloina Villareal Comonfort<\/li>\n<\/ul>\n<h2><!--more--><\/h2>\n<h3><strong>TEE\/PES\/004\/2022 Acuerdo plenario<\/strong><\/h3>\n<p><strong>Denunciante:<\/strong> Carmen Pinz\u00f3n Villanueva y Eloina Villareal Comonfort&nbsp; <\/p>\n<p><strong>Denunciada:<\/strong> Selene Sotelo Maldonado&nbsp; <\/p>\n<p><strong>Descarga:<\/strong> <a href=\"https:\/\/teegro.gob.mx\/inicio\/wp-content\/uploads\/2022\/05\/TEE-PES-004-2022.pdf\">Descargar<\/a><\/p>\n","protected":false},"excerpt":{"rendered":"<p>Orden del d\u00eda V\u00eddeo de la Sesi\u00f3n Contenido TEE\/PES\/004\/2022 Acuerdo plenario &#8211; Carmen Pinz\u00f3n Villanueva y Eloina Villareal Comonfort<\/p>\n","protected":false},"author":1,"featured_media":0,"comment_status":"open","ping_status":"open","sticky":false,"template":"","format":"standard","meta":{"_acf_changed":false,"footnotes":""},"categories":[210],"tags":[],"class_list":["post-10204","post","type-post","status-publish","format-standard","hentry","category-gaceta"],"acf":[],"_links":{"self":[{"href":"https:\/\/teegro.gob.mx\/sitio2025\/wp-json\/wp\/v2\/posts\/10204","targetHints":{"allow":["GET"]}}],"collection":[{"href":"https:\/\/teegro.gob.mx\/sitio2025\/wp-json\/wp\/v2\/posts"}],"about":[{"href":"https:\/\/teegro.gob.mx\/sitio2025\/wp-json\/wp\/v2\/types\/post"}],"author":[{"embeddable":true,"href":"https:\/\/teegro.gob.mx\/sitio2025\/wp-json\/wp\/v2\/users\/1"}],"replies":[{"embeddable":true,"href":"https:\/\/teegro.gob.mx\/sitio2025\/wp-json\/wp\/v2\/comments?post=10204"}],"version-history":[{"count":3,"href":"https:\/\/teegro.gob.mx\/sitio2025\/wp-json\/wp\/v2\/posts\/10204\/revisions"}],"predecessor-version":[{"id":10207,"href":"https:\/\/teegro.gob.mx\/sitio2025\/wp-json\/wp\/v2\/posts\/10204\/revisions\/10207"}],"wp:attachment":[{"href":"https:\/\/teegro.gob.mx\/sitio2025\/wp-json\/wp\/v2\/media?parent=10204"}],"wp:term":[{"taxonomy":"category","embeddable":true,"href":"https:\/\/teegro.gob.mx\/sitio2025\/wp-json\/wp\/v2\/categories?post=10204"},{"taxonomy":"post_tag","embeddable":true,"href":"https:\/\/teegro.gob.mx\/sitio2025\/wp-json\/wp\/v2\/tags?post=10204"}],"curies":[{"name":"wp","href":"https:\/\/api.w.org\/{rel}","templated":true}]}}