{"id":10208,"date":"2022-05-09T11:00:26","date_gmt":"2022-05-09T16:00:26","guid":{"rendered":"https:\/\/teegro.gob.mx\/inicio\/?p=10208"},"modified":"2023-05-11T16:22:38","modified_gmt":"2023-05-11T21:22:38","slug":"decima-septima-sesion-publica-de-resolucion","status":"publish","type":"post","link":"https:\/\/teegro.gob.mx\/sitio2025\/decima-septima-sesion-publica-de-resolucion\/","title":{"rendered":"D\u00e9cima S\u00e9ptima Sesi\u00f3n P\u00fablica de Resoluci\u00f3n"},"content":{"rendered":"<!-- VideographyWP Plugin Message: Automatic video embedding prevented by plugin options. -->\n\n<ul>\n<li><a href=\"https:\/\/teegro.gob.mx\/inicio\/wp-content\/uploads\/2022\/05\/Lista090522.pdf\">Orden del d\u00eda<\/a><\/li>\n<li><a href=\"https:\/\/youtu.be\/7WoyAYS_f9g\">V\u00eddeo de la Sesi\u00f3n<\/a><\/li>\n<\/ul>\n<h3>Contenido<\/h3>\n<ul>\n<li>TEE\/AG\/003\/2022 &#8211; Yesenia Hern\u00e1ndez Jer\u00f3nimo<\/li>\n<li>TEE\/PES\/004\/2022 &#8211; Carmen Pinz\u00f3n Villanueva y Eloina Villareal Comonfort<\/li>\n<\/ul>\n<h2><!--more--><\/h2>\n<h3><strong>TEE\/AG\/003\/2022<\/strong><\/h3>\n<p><strong>Actor:<\/strong> Yesenia Hern\u00e1ndez Jer\u00f3nimo <\/p>\n<p><strong>Autoridad responsable:<\/strong> Congreso del Estado de Guerrero <\/p>\n<p><strong>Descarga:<\/strong> <a href=\"https:\/\/teegro.gob.mx\/inicio\/wp-content\/uploads\/2022\/05\/TEE-AG-003-2022-Acuerdo.pdf\">Descargar<\/a><\/p>\n<h3><strong>TEE\/PES\/004\/2022<\/strong><\/h3>\n<p><strong>Denunciante:<\/strong> Carmen Pinz\u00f3n Villanueva y Eloina Villareal Comonfort <\/p>\n<p><strong>Denunciada:<\/strong> Seleno Sotelo Maldonado <\/p>\n<p><strong>Descarga:<\/strong> <a href=\"https:\/\/teegro.gob.mx\/inicio\/wp-content\/uploads\/2022\/05\/TEE-PES-004-2022-Acuerdo.pdf\">Descargar<\/a><\/p>\n","protected":false},"excerpt":{"rendered":"<p>Orden del d\u00eda V\u00eddeo de la Sesi\u00f3n Contenido TEE\/AG\/003\/2022 &#8211; Yesenia Hern\u00e1ndez Jer\u00f3nimo TEE\/PES\/004\/2022 &#8211; Carmen Pinz\u00f3n Villanueva y Eloina Villareal Comonfort<\/p>\n","protected":false},"author":1,"featured_media":0,"comment_status":"open","ping_status":"open","sticky":false,"template":"","format":"standard","meta":{"_acf_changed":false,"footnotes":""},"categories":[210],"tags":[],"class_list":["post-10208","post","type-post","status-publish","format-standard","hentry","category-gaceta"],"acf":[],"_links":{"self":[{"href":"https:\/\/teegro.gob.mx\/sitio2025\/wp-json\/wp\/v2\/posts\/10208","targetHints":{"allow":["GET"]}}],"collection":[{"href":"https:\/\/teegro.gob.mx\/sitio2025\/wp-json\/wp\/v2\/posts"}],"about":[{"href":"https:\/\/teegro.gob.mx\/sitio2025\/wp-json\/wp\/v2\/types\/post"}],"author":[{"embeddable":true,"href":"https:\/\/teegro.gob.mx\/sitio2025\/wp-json\/wp\/v2\/users\/1"}],"replies":[{"embeddable":true,"href":"https:\/\/teegro.gob.mx\/sitio2025\/wp-json\/wp\/v2\/comments?post=10208"}],"version-history":[{"count":2,"href":"https:\/\/teegro.gob.mx\/sitio2025\/wp-json\/wp\/v2\/posts\/10208\/revisions"}],"predecessor-version":[{"id":10210,"href":"https:\/\/teegro.gob.mx\/sitio2025\/wp-json\/wp\/v2\/posts\/10208\/revisions\/10210"}],"wp:attachment":[{"href":"https:\/\/teegro.gob.mx\/sitio2025\/wp-json\/wp\/v2\/media?parent=10208"}],"wp:term":[{"taxonomy":"category","embeddable":true,"href":"https:\/\/teegro.gob.mx\/sitio2025\/wp-json\/wp\/v2\/categories?post=10208"},{"taxonomy":"post_tag","embeddable":true,"href":"https:\/\/teegro.gob.mx\/sitio2025\/wp-json\/wp\/v2\/tags?post=10208"}],"curies":[{"name":"wp","href":"https:\/\/api.w.org\/{rel}","templated":true}]}}