{"id":10211,"date":"2022-05-12T11:00:59","date_gmt":"2022-05-12T16:00:59","guid":{"rendered":"https:\/\/teegro.gob.mx\/inicio\/?p=10211"},"modified":"2023-05-11T16:32:06","modified_gmt":"2023-05-11T21:32:06","slug":"decima-octava-sesion-publica-de-resolucion","status":"publish","type":"post","link":"https:\/\/teegro.gob.mx\/sitio2025\/decima-octava-sesion-publica-de-resolucion\/","title":{"rendered":"D\u00e9cima Octava Sesi\u00f3n P\u00fablica de Resoluci\u00f3n"},"content":{"rendered":"<!-- VideographyWP Plugin Message: Automatic video embedding prevented by plugin options. -->\n\n<ul>\n<li><a href=\"https:\/\/teegro.gob.mx\/inicio\/wp-content\/uploads\/2022\/05\/Lista120522.pdf\">Orden del d\u00eda<\/a><\/li>\n<li><a href=\"https:\/\/youtu.be\/TUNTq6Bystc\">V\u00eddeo de la Sesi\u00f3n<\/a><\/li>\n<\/ul>\n<h3>Contenido<\/h3>\n<ul>\n<li>TEE\/JEC\/022\/2022 Acuerdo plenario &#8211; Martha Adriana Torreblanca Mart\u00ednez<\/li>\n<li>TEE\/JEC\/010\/2022, TEE\/JEC\/011\/2022 y TEE\/JEC\/012\/2022 acumulados Acuerdo plenario &#8211; Jaime D\u00e1maso Sol\u00eds, Eloy Salmer\u00f3n D\u00edaz y Julio Alberto Galarza Castro<\/li>\n<li>TEE\/JEC\/021\/2022 Acuerdo plenario &#8211; Leticia Javier Mar\u00edn y otro&nbsp;<\/li>\n<li>TEE\/JEC\/291\/2021 &#8211; Idalia Iris Melgarejo Villareal<\/li>\n<\/ul>\n<h2><!--more--><\/h2>\n<h3><strong>TEE\/JEC\/022\/2022 Acuerdo plenario<\/strong><\/h3>\n<p><strong>Actor:<\/strong> Martha Adriana Torreblanca Mart\u00ednez <\/p>\n<p><strong>Autoridad responsable:<\/strong> Presidente del Comit\u00e9 Directivo Estatal del PAN y otra persona <\/p>\n<p><strong>Descarga:<\/strong> <a href=\"https:\/\/teegro.gob.mx\/inicio\/wp-content\/uploads\/2022\/05\/TEE-JEC-022-2022-Acuerdo.pdf\">Descargar<\/a><\/p>\n<h3><strong>TEE\/JEC\/010\/2022, TEE\/JEC\/011\/2022 y TEE\/JEC\/012\/2022 acumulados Acuerdo plenario&nbsp;<\/strong><\/h3>\n<p><strong>Actor:<\/strong> Jaime D\u00e1maso Sol\u00eds, Eloy Salmer\u00f3n D\u00edaz y Julio Alberto Galarza Castro<\/p>\n<p><strong>Autoridad responsable:<\/strong> Comisi\u00f3n de Justicia del Consejo Nacional del PAN<\/p>\n<p><strong>Descarga:<\/strong> <a href=\"https:\/\/teegro.gob.mx\/inicio\/wp-content\/uploads\/2022\/05\/TEE-JEC-010-2022-Acuerdo.pdf\">Descargar<\/a><\/p>\n<h3><strong>TEE\/JEC\/021\/2022 Acuerdo plenario<\/strong><\/h3>\n<p><strong>Actor:<\/strong> Leticia Javier Mar\u00edn y otro<\/p>\n<p><strong>Autoridad responsable:<\/strong> Ayuntamiento de Azoy\u00fa <\/p>\n<p><strong>Descarga:<\/strong> <a href=\"https:\/\/teegro.gob.mx\/inicio\/wp-content\/uploads\/2022\/05\/TEE-JEC-021-2022-Acuerdo.pdf\">Descargar<\/a><\/p>\n<h3><strong>TEE\/JEC\/291\/2021<\/strong><\/h3>\n<p><strong>Actor:<\/strong> Idalia Iris Melgarejo Villareal<\/p>\n<p><strong>Autoridad responsable:<\/strong> Ayuntamiento de Xalpatlahuac&nbsp;<\/p>\n<p><strong>Descarga:<\/strong> <a href=\"https:\/\/teegro.gob.mx\/inicio\/wp-content\/uploads\/2022\/05\/TEE-JEC-291-2021.pdf\">Descargar<\/a><\/p>\n","protected":false},"excerpt":{"rendered":"<p>Orden del d\u00eda V\u00eddeo de la Sesi\u00f3n Contenido TEE\/JEC\/022\/2022 Acuerdo plenario &#8211; Martha Adriana Torreblanca Mart\u00ednez TEE\/JEC\/010\/2022, TEE\/JEC\/011\/2022 y TEE\/JEC\/012\/2022 acumulados Acuerdo plenario &#8211; Jaime D\u00e1maso Sol\u00eds, Eloy Salmer\u00f3n D\u00edaz y Julio Alberto Galarza Castro TEE\/JEC\/021\/2022 Acuerdo plenario &#8211; Leticia Javier Mar\u00edn y otro&nbsp; TEE\/JEC\/291\/2021 &#8211; Idalia Iris Melgarejo Villareal<\/p>\n","protected":false},"author":1,"featured_media":0,"comment_status":"open","ping_status":"open","sticky":false,"template":"","format":"standard","meta":{"_acf_changed":false,"footnotes":""},"categories":[210],"tags":[],"class_list":["post-10211","post","type-post","status-publish","format-standard","hentry","category-gaceta"],"acf":[],"_links":{"self":[{"href":"https:\/\/teegro.gob.mx\/sitio2025\/wp-json\/wp\/v2\/posts\/10211","targetHints":{"allow":["GET"]}}],"collection":[{"href":"https:\/\/teegro.gob.mx\/sitio2025\/wp-json\/wp\/v2\/posts"}],"about":[{"href":"https:\/\/teegro.gob.mx\/sitio2025\/wp-json\/wp\/v2\/types\/post"}],"author":[{"embeddable":true,"href":"https:\/\/teegro.gob.mx\/sitio2025\/wp-json\/wp\/v2\/users\/1"}],"replies":[{"embeddable":true,"href":"https:\/\/teegro.gob.mx\/sitio2025\/wp-json\/wp\/v2\/comments?post=10211"}],"version-history":[{"count":4,"href":"https:\/\/teegro.gob.mx\/sitio2025\/wp-json\/wp\/v2\/posts\/10211\/revisions"}],"predecessor-version":[{"id":10215,"href":"https:\/\/teegro.gob.mx\/sitio2025\/wp-json\/wp\/v2\/posts\/10211\/revisions\/10215"}],"wp:attachment":[{"href":"https:\/\/teegro.gob.mx\/sitio2025\/wp-json\/wp\/v2\/media?parent=10211"}],"wp:term":[{"taxonomy":"category","embeddable":true,"href":"https:\/\/teegro.gob.mx\/sitio2025\/wp-json\/wp\/v2\/categories?post=10211"},{"taxonomy":"post_tag","embeddable":true,"href":"https:\/\/teegro.gob.mx\/sitio2025\/wp-json\/wp\/v2\/tags?post=10211"}],"curies":[{"name":"wp","href":"https:\/\/api.w.org\/{rel}","templated":true}]}}