{"id":10216,"date":"2022-05-19T11:00:08","date_gmt":"2022-05-19T16:00:08","guid":{"rendered":"https:\/\/teegro.gob.mx\/inicio\/?p=10216"},"modified":"2025-05-13T15:02:54","modified_gmt":"2025-05-13T21:02:54","slug":"decima-novena-sesion-publica-de-resolucion","status":"publish","type":"post","link":"https:\/\/teegro.gob.mx\/sitio2025\/decima-novena-sesion-publica-de-resolucion\/","title":{"rendered":"D\u00e9cima Novena Sesi\u00f3n P\u00fablica de Resoluci\u00f3n"},"content":{"rendered":"<!-- VideographyWP Plugin Message: Automatic video embedding prevented by plugin options. -->\n\n<ul>\n<li><a href=\"https:\/\/teegro.gob.mx\/inicio\/wp-content\/uploads\/2022\/05\/Lista190522.pdf\">Orden del d\u00eda<\/a><\/li>\n<li><a href=\"https:\/\/youtu.be\/s-Ls2J1Z9n0\">V\u00eddeo de la Sesi\u00f3n<\/a><\/li>\n<\/ul>\n<h3>Contenido<\/h3>\n<ul>\n<li>TEE\/JEC\/020\/2022 Acuerdo Plenario &#8211; Carmelo Loeza Hern\u00e1ndez<\/li>\n<li>TEE\/PES\/005\/2020 Acuerdo Plenario &#8211; Eleazar Mar\u00edn Quebrado<\/li>\n<li>TEE\/PES\/020\/2021 Acuerdo Plenario &#8211; Representante de Morena en el Consejo Distrital Electoral 16 del IEPC<\/li>\n<li>TEE\/PES\/004\/2022 &#8211; Carmen Pinz\u00f3n Villanueva<\/li>\n<li>TEE\/JEC\/017\/2022 &#8211; Salvador Daniel Coronado Mart\u00ednez&nbsp;<\/li>\n<\/ul>\n<h2><!--more--><\/h2>\n<h3><strong>TEE\/JEC\/020\/2022 Acuerdo Plenario<\/strong><\/h3>\n<p><strong>Actor:<\/strong> Carmelo Loeza Hern\u00e1ndez<\/p>\n<p><strong>Autoridad responsable:<\/strong> Comisi\u00f3n Nacional de Honestidad y Justicia de Morena&nbsp;<\/p>\n<p><strong>Descarga:<\/strong> <a href=\"https:\/\/teegro.gob.mx\/inicio\/wp-content\/uploads\/2022\/05\/TEE-JEC-020-2022-Acuerdo.pdf\">Descargar<\/a><\/p>\n<h3><strong>TEE\/PES\/005\/2020 Acuerdo Plenario<\/strong><\/h3>\n<p><strong>Denunciante:<\/strong> Eleazar Mar\u00edn Quebrado<\/p>\n<p><strong>Denunciado:<\/strong> Efr\u00e9n \u00c1ngel Romero Sotelo, Fernando Javier Cuevas Ortiz y Gerardo Rend\u00f3n Ju\u00e1rez<\/p>\n<p><strong>Descarga:<\/strong> Retirado<\/p>\n<h3><strong>TEE\/PES\/020\/2021 Acuerdo Plenario<\/strong><\/h3>\n<p><strong>Denunciante:<\/strong> Representante de Morena en el Consejo Distrital Electoral 16 del IEPC<\/p>\n<p><strong>Denunciado:<\/strong> Efr\u00e9n Adame Montalv\u00e1n, Presidente del Ayuntamiento de Ometepec, Guerrero, y el PRI<\/p>\n<p><strong>Descarga:<\/strong> <a href=\"https:\/\/teegro.gob.mx\/inicio\/wp-content\/uploads\/2022\/05\/TEE-PES-020-2021-Acuerdo.pdf\">Descargar<\/a><\/p>\n<h3><strong>TEE\/PES\/004\/2022<\/strong><\/h3>\n<p><strong>Denunciante:<\/strong> Carmen Pinz\u00f3n Villanueva<\/p>\n<p><strong>Denunciada:<\/strong> Selene Sotelo Maldonado&nbsp;<\/p>\n<p><strong>Descarga:<\/strong> <a href=\"https:\/\/teegro.gob.mx\/inicio\/wp-content\/uploads\/2022\/05\/TEE-PES-004-2022-1.pdf\">Descargar<\/a><\/p>\n<h3><strong>TEE\/JEC\/017\/2022<\/strong><\/h3>\n<p><strong>Actor:<\/strong> Salvador Daniel Coronado Mart\u00ednez<\/p>\n<p><strong>Autoridad responsable:<\/strong> Ayuntamiento de Ometepec, Guerrero<\/p>\n<p><strong>Descarga:<\/strong> Retirado<\/p>\n","protected":false},"excerpt":{"rendered":"<p>Orden del d\u00eda V\u00eddeo de la Sesi\u00f3n Contenido TEE\/JEC\/020\/2022 Acuerdo Plenario &#8211; Carmelo Loeza Hern\u00e1ndez TEE\/PES\/005\/2020 Acuerdo Plenario &#8211; Eleazar Mar\u00edn Quebrado TEE\/PES\/020\/2021 Acuerdo Plenario &#8211; Representante de Morena en el Consejo Distrital Electoral 16 del IEPC TEE\/PES\/004\/2022 &#8211; Carmen Pinz\u00f3n Villanueva TEE\/JEC\/017\/2022 &#8211; Salvador Daniel Coronado Mart\u00ednez&nbsp;<\/p>\n","protected":false},"author":1,"featured_media":0,"comment_status":"open","ping_status":"open","sticky":false,"template":"","format":"standard","meta":{"_acf_changed":false,"footnotes":""},"categories":[210],"tags":[],"class_list":["post-10216","post","type-post","status-publish","format-standard","hentry","category-gaceta"],"acf":[],"_links":{"self":[{"href":"https:\/\/teegro.gob.mx\/sitio2025\/wp-json\/wp\/v2\/posts\/10216","targetHints":{"allow":["GET"]}}],"collection":[{"href":"https:\/\/teegro.gob.mx\/sitio2025\/wp-json\/wp\/v2\/posts"}],"about":[{"href":"https:\/\/teegro.gob.mx\/sitio2025\/wp-json\/wp\/v2\/types\/post"}],"author":[{"embeddable":true,"href":"https:\/\/teegro.gob.mx\/sitio2025\/wp-json\/wp\/v2\/users\/1"}],"replies":[{"embeddable":true,"href":"https:\/\/teegro.gob.mx\/sitio2025\/wp-json\/wp\/v2\/comments?post=10216"}],"version-history":[{"count":7,"href":"https:\/\/teegro.gob.mx\/sitio2025\/wp-json\/wp\/v2\/posts\/10216\/revisions"}],"predecessor-version":[{"id":18272,"href":"https:\/\/teegro.gob.mx\/sitio2025\/wp-json\/wp\/v2\/posts\/10216\/revisions\/18272"}],"wp:attachment":[{"href":"https:\/\/teegro.gob.mx\/sitio2025\/wp-json\/wp\/v2\/media?parent=10216"}],"wp:term":[{"taxonomy":"category","embeddable":true,"href":"https:\/\/teegro.gob.mx\/sitio2025\/wp-json\/wp\/v2\/categories?post=10216"},{"taxonomy":"post_tag","embeddable":true,"href":"https:\/\/teegro.gob.mx\/sitio2025\/wp-json\/wp\/v2\/tags?post=10216"}],"curies":[{"name":"wp","href":"https:\/\/api.w.org\/{rel}","templated":true}]}}