{"id":10232,"date":"2022-06-09T11:00:25","date_gmt":"2022-06-09T16:00:25","guid":{"rendered":"https:\/\/teegro.gob.mx\/inicio\/?p=10232"},"modified":"2023-05-12T15:10:40","modified_gmt":"2023-05-12T20:10:40","slug":"vigesima-tercera-sesion-publica-de-resolucion","status":"publish","type":"post","link":"https:\/\/teegro.gob.mx\/sitio2025\/vigesima-tercera-sesion-publica-de-resolucion\/","title":{"rendered":"Vig\u00e9sima Tercera Sesi\u00f3n P\u00fablica de Resoluci\u00f3n"},"content":{"rendered":"<!-- VideographyWP Plugin Message: Automatic video embedding prevented by plugin options. -->\n\n<ul>\n<li><a href=\"https:\/\/teegro.gob.mx\/inicio\/wp-content\/uploads\/2022\/06\/Lista090622.pdf\">Orden del d\u00eda<\/a><\/li>\n<li><a href=\"https:\/\/youtu.be\/CItYFJY1VxM\">V\u00eddeo de la Sesi\u00f3n<\/a><\/li>\n<\/ul>\n<h3>Contenido<\/h3>\n<ul>\n<li>TEE\/JEC\/304\/2021 Y TEE\/JEC\/024\/2022 ACUMULADOS &#8211; Elizabeth Reyna Rivera, Lorenzo Isidro Baltazar y otras personas<\/li>\n<li>TEE\/PES\/005\/2022 &#8211; Eloina Villlareal Comonfort<\/li>\n<li>TEE\/JEC\/023\/2022 &#8211; Luis Enrique R\u00edos Saucedo<\/li>\n<li>TEE\/JEC\/025\/2022 &#8211; Jos\u00e9 Gregorio Morales Ram\u00edrez<\/li>\n<li>TEE\/LCT\/004\/2022 &#8211; Luis Alberto Mundo L\u00f3pez<\/li>\n<li>TEE\/LCT\/007\/2022 &#8211; Gabriel Barrera Guti\u00e9rrez<\/li>\n<li>TEE\/LCT\/010\/2022 &#8211; Claudia Zavala Gallegos<\/li>\n<li>TEE\/LCT\/005\/2022 &#8211; Obed Valdovinos Galeana<\/li>\n<li>TEE\/LCT\/008\/2022 &#8211; Yesenia Longino de la Cruz<\/li>\n<li>TEE\/LCT\/011\/2022 &#8211; Ivette Guadalupe Noriega Gonz\u00e1lez<\/li>\n<\/ul>\n<h2><!--more--><\/h2>\n<h3><strong>TEE\/JEC\/304\/2021 Y TEE\/JEC\/024\/2022 ACUMULADOS<\/strong><\/h3>\n<p><strong>Actor:<\/strong> Elizabeth Reyna Rivera, Lorenzo Isidro Baltazar y otras personas <\/p>\n<p><strong>Autoridad responsable:<\/strong> Ayuntamiento de Eduardo Neri <\/p>\n<p><strong>Descarga:<\/strong> Retirado<\/p>\n<h3><strong>TEE\/PES\/005\/2022<\/strong><\/h3>\n<p><strong>Denunciante:<\/strong> Eloina Villlareal Comonfort<\/p>\n<p><strong>Denunciada:<\/strong> Selene Sotelo Maldonado<\/p>\n<p><strong>Descarga:<\/strong> <a href=\"https:\/\/teegro.gob.mx\/inicio\/wp-content\/uploads\/2022\/06\/TEE-PES-005-2022.pdf\">Descargar<\/a><\/p>\n<h3><strong>TEE\/JEC\/023\/2022<\/strong><\/h3>\n<p><strong>Actor:<\/strong> Luis Enrique R\u00edos Saucedo&nbsp;<\/p>\n<p><strong>Autoridad responsable:<\/strong> Comisi\u00f3n Nacional de Honestidad y Justicia de MORENA<\/p>\n<p><strong>Descarga:<\/strong> <a href=\"https:\/\/teegro.gob.mx\/inicio\/wp-content\/uploads\/2022\/06\/TEE-JEC-023-2022.pdf\">Descargar<\/a><\/p>\n<h3><strong>TEE\/JEC\/025\/2022<\/strong><\/h3>\n<p><strong>Actor:<\/strong> Jos\u00e9 Gregorio Morales Ram\u00edrez<\/p>\n<p><strong>Autoridad responsable:<\/strong> Ysabel de los Santos Morales y Epifania Gonz\u00e1lez Guadalupe&nbsp;<\/p>\n<p><strong>Descarga:<\/strong> Retirado<\/p>\n<h3><strong>TEE\/LCT\/004\/2022<\/strong><\/h3>\n<p><strong>Actor:<\/strong> Luis Alberto Mundo L\u00f3pez&nbsp;<\/p>\n<p><strong>Autoridad responsable:<\/strong> Tribunal Electoral del Estado de Guerrero<\/p>\n<h3><strong>TEE\/LCT\/007\/2022<\/strong><\/h3>\n<p><strong>Actor:<\/strong> Gabriel Barrera Guti\u00e9rrez<\/p>\n<p><strong>Autoridad responsable:<\/strong> Tribunal Electoral del Estado de Guerrero<\/p>\n<h3><strong>TEE\/LCT\/010\/2022<\/strong><\/h3>\n<p><strong>Actor:<\/strong> Claudia Zavala Gallegos&nbsp;<\/p>\n<p><strong>Autoridad responsable:<\/strong> Tribunal Electoral del Estado de Guerrero<\/p>\n<h3><strong>TEE\/LCT\/005\/2022<\/strong><\/h3>\n<p><strong>Actor:<\/strong> Obed Valdovinos Galeana<\/p>\n<p><strong>Autoridad responsable:<\/strong> Tribunal Electoral del Estado de Guerrero<\/p>\n<h3><strong>TEE\/LCT\/008\/2022<\/strong><\/h3>\n<p><strong>Actor:<\/strong> Yesenia Longino de la Cruz<\/p>\n<p><strong>Autoridad responsable:<\/strong> Tribunal Electoral del Estado de Guerrero<\/p>\n<h3><strong>TEE\/LCT\/011\/2022<\/strong><\/h3>\n<p><strong>Actor:<\/strong> Ivette Guadalupe Noriega Gonz\u00e1lez<\/p>\n<p><strong>Autoridad responsable:<\/strong> Tribunal Electoral del Estado de Guerrero<\/p>\n","protected":false},"excerpt":{"rendered":"<p>Orden del d\u00eda V\u00eddeo de la Sesi\u00f3n Contenido TEE\/JEC\/304\/2021 Y TEE\/JEC\/024\/2022 ACUMULADOS &#8211; Elizabeth Reyna Rivera, Lorenzo Isidro Baltazar y otras personas TEE\/PES\/005\/2022 &#8211; Eloina Villlareal Comonfort TEE\/JEC\/023\/2022 &#8211; Luis Enrique R\u00edos Saucedo TEE\/JEC\/025\/2022 &#8211; Jos\u00e9 Gregorio Morales Ram\u00edrez TEE\/LCT\/004\/2022 &#8211; Luis Alberto Mundo L\u00f3pez TEE\/LCT\/007\/2022 &#8211; Gabriel Barrera Guti\u00e9rrez TEE\/LCT\/010\/2022 &#8211; Claudia Zavala Gallegos [&hellip;]<\/p>\n","protected":false},"author":1,"featured_media":0,"comment_status":"open","ping_status":"open","sticky":false,"template":"","format":"standard","meta":{"_acf_changed":false,"footnotes":""},"categories":[210],"tags":[],"class_list":["post-10232","post","type-post","status-publish","format-standard","hentry","category-gaceta"],"acf":[],"_links":{"self":[{"href":"https:\/\/teegro.gob.mx\/sitio2025\/wp-json\/wp\/v2\/posts\/10232","targetHints":{"allow":["GET"]}}],"collection":[{"href":"https:\/\/teegro.gob.mx\/sitio2025\/wp-json\/wp\/v2\/posts"}],"about":[{"href":"https:\/\/teegro.gob.mx\/sitio2025\/wp-json\/wp\/v2\/types\/post"}],"author":[{"embeddable":true,"href":"https:\/\/teegro.gob.mx\/sitio2025\/wp-json\/wp\/v2\/users\/1"}],"replies":[{"embeddable":true,"href":"https:\/\/teegro.gob.mx\/sitio2025\/wp-json\/wp\/v2\/comments?post=10232"}],"version-history":[{"count":6,"href":"https:\/\/teegro.gob.mx\/sitio2025\/wp-json\/wp\/v2\/posts\/10232\/revisions"}],"predecessor-version":[{"id":10238,"href":"https:\/\/teegro.gob.mx\/sitio2025\/wp-json\/wp\/v2\/posts\/10232\/revisions\/10238"}],"wp:attachment":[{"href":"https:\/\/teegro.gob.mx\/sitio2025\/wp-json\/wp\/v2\/media?parent=10232"}],"wp:term":[{"taxonomy":"category","embeddable":true,"href":"https:\/\/teegro.gob.mx\/sitio2025\/wp-json\/wp\/v2\/categories?post=10232"},{"taxonomy":"post_tag","embeddable":true,"href":"https:\/\/teegro.gob.mx\/sitio2025\/wp-json\/wp\/v2\/tags?post=10232"}],"curies":[{"name":"wp","href":"https:\/\/api.w.org\/{rel}","templated":true}]}}