{"id":10251,"date":"2022-07-07T11:00:15","date_gmt":"2022-07-07T16:00:15","guid":{"rendered":"https:\/\/teegro.gob.mx\/inicio\/?p=10251"},"modified":"2023-05-12T16:08:09","modified_gmt":"2023-05-12T21:08:09","slug":"vigesima-septima-sesion-publica-de-resolucion","status":"publish","type":"post","link":"https:\/\/teegro.gob.mx\/sitio2025\/vigesima-septima-sesion-publica-de-resolucion\/","title":{"rendered":"Vig\u00e9sima S\u00e9ptima Sesi\u00f3n P\u00fablica de Resoluci\u00f3n"},"content":{"rendered":"<!-- VideographyWP Plugin Message: Automatic video embedding prevented by plugin options. -->\n\n<ul>\n<li><a href=\"https:\/\/teegro.gob.mx\/inicio\/wp-content\/uploads\/2022\/07\/Lista070722.pdf\">Orden del d\u00eda<\/a><\/li>\n<li><a href=\"https:\/\/youtu.be\/Gc5tLfGuCM4\">V\u00eddeo de la Sesi\u00f3n<\/a><\/li>\n<\/ul>\n<h3>Contenido<\/h3>\n<ul>\n<li>TEE\/JEC\/304\/2021 y TEE\/JEC\/024\/2022 acumulados Acuerdo plenario (resuelve solicitud) &#8211; Elizabeth Reyna Rivera, Lorenzo Isidro Baltazar y otras personas<\/li>\n<li>TEE\/JEC\/304\/2021 y TEE\/JEC\/024\/2022 acumulados Acuerdo plenario (cumplimiento de sentencia) &#8211; Elizabeth Reyna Rivera, Lorenzo Isidro Baltazar y otras personas<\/li>\n<li>TEE\/JEC\/023\/2022 Acuerdo plenario &#8211; Luis Enrique R\u00edos Saucedo<\/li>\n<li>TEE\/JEC\/296\/2021 Acuerdo plenario &#8211; Rosal\u00eda Alberto Rosas<\/li>\n<li>TEE\/AG\/002\/2022 Acuerdo plenario &#8211; Demetrio Candia G\u00e1lvez<\/li>\n<li>TEE\/AG\/004\/2022 &#8211; Jos\u00e9 In\u00e9s Betancourt Salgado<\/li>\n<li>TEE\/JLT\/001\/2020 &#8211; Ulises Higinio Ruiz Meraza y otras personas<\/li>\n<\/ul>\n<h2><!--more--><\/h2>\n<h3><strong>TEE\/JEC\/304\/2021 y TEE\/JEC\/024\/2022 acumulados Acuerdo plenario (resuelve solicitud)<\/strong><\/h3>\n<p><strong>Actor:<\/strong> Elizabeth Reyna Rivera, Lorenzo Isidro Baltazar y otras personas <\/p>\n<p><strong>Autoridad responsable:<\/strong> Ayuntamiento de Eduardo Neri <\/p>\n<p><strong>Descarga:<\/strong> <a href=\"https:\/\/teegro.gob.mx\/inicio\/wp-content\/uploads\/2022\/07\/TEE-JEC-304-2021-Y-ACUMULADO.pdf\">Descargar<\/a><\/p>\n<h3><strong>TEE\/JEC\/304\/2021 y TEE\/JEC\/024\/2022 acumulados Acuerdo plenario (cumplimiento de sentencia)<\/strong><\/h3>\n<p><strong>Actor:<\/strong> Elizabeth Reyna Rivera, Lorenzo Isidro Baltazar y otras personas<\/p>\n<p><strong>Autoridad responsable:<\/strong> Ayuntamiento de Eduardo Neri<\/p>\n<p><strong>Descarga:<\/strong> <a href=\"https:\/\/teegro.gob.mx\/inicio\/wp-content\/uploads\/2022\/07\/TEE-JEC-304-2021-Y-ACUMULADO-DE-CUMPLIMIENTO.pdf\">Descargar<\/a><\/p>\n<h3><strong>TEE\/JEC\/023\/2022 Acuerdo plenario<\/strong><\/h3>\n<p><strong>Actor:<\/strong> Luis Enrique R\u00edos Saucedo<\/p>\n<p><strong>Autoridad responsable:<\/strong> Comisi\u00f3n Nacional de Honestidad y Justicia de MORENA<\/p>\n<p><strong>Descarga:<\/strong> <a href=\"https:\/\/teegro.gob.mx\/inicio\/wp-content\/uploads\/2022\/07\/TEE-JEC-023-2022-Acuerdo.pdf\">Descargar<\/a><\/p>\n<h3><strong>TEE\/JEC\/296\/2021 Acuerdo plenario<\/strong><\/h3>\n<p><strong>Actor:<\/strong> Rosal\u00eda Alberto Rosas<\/p>\n<p><strong>Autoridad responsable:<\/strong> Ayuntamiento de Acatl\u00e1n<\/p>\n<p><strong>Descarga:<\/strong> <a href=\"https:\/\/teegro.gob.mx\/inicio\/wp-content\/uploads\/2022\/07\/TEE-JEC-296-2021-Acuerdo.pdf\">Descargar<\/a><\/p>\n<h3><strong>TEE\/AG\/002\/2022 Acuerdo plenario<\/strong><\/h3>\n<p><strong>Actor:<\/strong> Demetrio Candia G\u00e1lvez<\/p>\n<p><strong>Autoridad responsable:<\/strong> Ayuntamiento de Xalpatl\u00e1huac<\/p>\n<p><strong>Descarga:<\/strong> <a href=\"https:\/\/teegro.gob.mx\/inicio\/wp-content\/uploads\/2022\/07\/TEE-AG-002-2022-Acuerdo.pdf\">Descargar<\/a><\/p>\n<h3><strong>TEE\/AG\/004\/2022<\/strong><\/h3>\n<p><strong>Actor:<\/strong> Jos\u00e9 In\u00e9s Betancourt Salgado<\/p>\n<p><strong>Autoridad responsable:<\/strong> Jos\u00e9 \u00c1ngel Mendoza Ju\u00e1rez<\/p>\n<p><strong>Descarga:<\/strong> Retirado<\/p>\n<h3><strong>TEE\/JLT\/001\/2020<\/strong><\/h3>\n<p><strong>Actor:<\/strong> Ulises Higinio Ruiz Meraza y otras personas<\/p>\n<p><strong>Autoridad responsable:<\/strong> Tribunal Electoral del Estado de Guerrero<\/p>\n<p><strong>Descarga:<\/strong> <a href=\"https:\/\/teegro.gob.mx\/inicio\/wp-content\/uploads\/2022\/07\/TEE-JLT-001-2020.pdf\">Descargar<\/a><\/p>\n","protected":false},"excerpt":{"rendered":"<p>Orden del d\u00eda V\u00eddeo de la Sesi\u00f3n Contenido TEE\/JEC\/304\/2021 y TEE\/JEC\/024\/2022 acumulados Acuerdo plenario (resuelve solicitud) &#8211; Elizabeth Reyna Rivera, Lorenzo Isidro Baltazar y otras personas TEE\/JEC\/304\/2021 y TEE\/JEC\/024\/2022 acumulados Acuerdo plenario (cumplimiento de sentencia) &#8211; Elizabeth Reyna Rivera, Lorenzo Isidro Baltazar y otras personas TEE\/JEC\/023\/2022 Acuerdo plenario &#8211; Luis Enrique R\u00edos Saucedo TEE\/JEC\/296\/2021 Acuerdo [&hellip;]<\/p>\n","protected":false},"author":1,"featured_media":0,"comment_status":"open","ping_status":"open","sticky":false,"template":"","format":"standard","meta":{"_acf_changed":false,"footnotes":""},"categories":[210],"tags":[],"class_list":["post-10251","post","type-post","status-publish","format-standard","hentry","category-gaceta"],"acf":[],"_links":{"self":[{"href":"https:\/\/teegro.gob.mx\/sitio2025\/wp-json\/wp\/v2\/posts\/10251","targetHints":{"allow":["GET"]}}],"collection":[{"href":"https:\/\/teegro.gob.mx\/sitio2025\/wp-json\/wp\/v2\/posts"}],"about":[{"href":"https:\/\/teegro.gob.mx\/sitio2025\/wp-json\/wp\/v2\/types\/post"}],"author":[{"embeddable":true,"href":"https:\/\/teegro.gob.mx\/sitio2025\/wp-json\/wp\/v2\/users\/1"}],"replies":[{"embeddable":true,"href":"https:\/\/teegro.gob.mx\/sitio2025\/wp-json\/wp\/v2\/comments?post=10251"}],"version-history":[{"count":3,"href":"https:\/\/teegro.gob.mx\/sitio2025\/wp-json\/wp\/v2\/posts\/10251\/revisions"}],"predecessor-version":[{"id":10254,"href":"https:\/\/teegro.gob.mx\/sitio2025\/wp-json\/wp\/v2\/posts\/10251\/revisions\/10254"}],"wp:attachment":[{"href":"https:\/\/teegro.gob.mx\/sitio2025\/wp-json\/wp\/v2\/media?parent=10251"}],"wp:term":[{"taxonomy":"category","embeddable":true,"href":"https:\/\/teegro.gob.mx\/sitio2025\/wp-json\/wp\/v2\/categories?post=10251"},{"taxonomy":"post_tag","embeddable":true,"href":"https:\/\/teegro.gob.mx\/sitio2025\/wp-json\/wp\/v2\/tags?post=10251"}],"curies":[{"name":"wp","href":"https:\/\/api.w.org\/{rel}","templated":true}]}}