{"id":10259,"date":"2022-07-19T11:00:00","date_gmt":"2022-07-19T16:00:00","guid":{"rendered":"https:\/\/teegro.gob.mx\/inicio\/?p=10259"},"modified":"2023-05-15T00:20:24","modified_gmt":"2023-05-15T05:20:24","slug":"vigesima-novena-sesion-publica-de-resolucion","status":"publish","type":"post","link":"https:\/\/teegro.gob.mx\/sitio2025\/vigesima-novena-sesion-publica-de-resolucion\/","title":{"rendered":"Vig\u00e9sima Novena Sesi\u00f3n P\u00fablica de Resoluci\u00f3n"},"content":{"rendered":"<!-- VideographyWP Plugin Message: Automatic video embedding prevented by plugin options. -->\n\n<ul>\n<li><a href=\"https:\/\/teegro.gob.mx\/inicio\/wp-content\/uploads\/2022\/07\/lista190722.pdf\">Orden del d\u00eda<\/a><\/li>\n<li><a href=\"https:\/\/youtu.be\/4XfWGvEdc_s\">V\u00eddeo de la Sesi\u00f3n<\/a><\/li>\n<\/ul>\n<h3>Contenido<\/h3>\n<ul>\n<li>TEE\/JEC\/017\/2022 ACUERDO PLENARIO &#8211; Salvador Daniel Coronado Mart\u00ednez<\/li>\n<li>TEE\/JEC\/029\/2022 &#8211; Luis Enrique R\u00edos Saucedo<\/li>\n<li>TEE\/RAP\/005\/2022 &#8211; Morena<\/li>\n<\/ul>\n<h3><!--more-->TEE\/JEC\/017\/2022 ACUERDO PLENARIO<\/h3>\n<p><strong>Actor:<\/strong> Salvador Daniel Coronado Mart\u00ednez<\/p>\n<p><strong>Autoridad responsable:<\/strong> Presidente Municipal del Ayuntamiento de Ometepec, Guerrero<\/p>\n<p><strong>Descarga:<\/strong> Retirado<\/p>\n<h3><strong>TEE\/JEC\/029\/2022<\/strong><\/h3>\n<p><strong>Actor:<\/strong> Luis Enrique R\u00edos Saucedo<\/p>\n<p><strong>Autoridad responsable:<\/strong> Comisi\u00f3n Nacional Honestidad y Justicia de Morena<\/p>\n<p><strong>Descarga:<\/strong> <a href=\"https:\/\/teegro.gob.mx\/inicio\/wp-content\/uploads\/2022\/07\/TEE-JEC-029-2022.pdf\">Descargar<\/a><\/p>\n<h3><strong>TEE\/RAP\/005\/2022<\/strong><\/h3>\n<p><strong>Actor:<\/strong> Morena<\/p>\n<p><strong>Autoridad responsable:<\/strong> Secretario Ejecutivo del Instituto Electoral y de Participaci\u00f3n Ciudadana del Estado de Guerrero<\/p>\n<p><strong>Descarga:<\/strong> <a href=\"https:\/\/teegro.gob.mx\/inicio\/wp-content\/uploads\/2022\/07\/TEE-RAP-005-2022.pdf\">Descargar<\/a><\/p>\n","protected":false},"excerpt":{"rendered":"<p>Orden del d\u00eda V\u00eddeo de la Sesi\u00f3n Contenido TEE\/JEC\/017\/2022 ACUERDO PLENARIO &#8211; Salvador Daniel Coronado Mart\u00ednez TEE\/JEC\/029\/2022 &#8211; Luis Enrique R\u00edos Saucedo TEE\/RAP\/005\/2022 &#8211; Morena<\/p>\n","protected":false},"author":1,"featured_media":0,"comment_status":"open","ping_status":"open","sticky":false,"template":"","format":"standard","meta":{"_acf_changed":false,"footnotes":""},"categories":[210],"tags":[],"class_list":["post-10259","post","type-post","status-publish","format-standard","hentry","category-gaceta"],"acf":[],"_links":{"self":[{"href":"https:\/\/teegro.gob.mx\/sitio2025\/wp-json\/wp\/v2\/posts\/10259","targetHints":{"allow":["GET"]}}],"collection":[{"href":"https:\/\/teegro.gob.mx\/sitio2025\/wp-json\/wp\/v2\/posts"}],"about":[{"href":"https:\/\/teegro.gob.mx\/sitio2025\/wp-json\/wp\/v2\/types\/post"}],"author":[{"embeddable":true,"href":"https:\/\/teegro.gob.mx\/sitio2025\/wp-json\/wp\/v2\/users\/1"}],"replies":[{"embeddable":true,"href":"https:\/\/teegro.gob.mx\/sitio2025\/wp-json\/wp\/v2\/comments?post=10259"}],"version-history":[{"count":5,"href":"https:\/\/teegro.gob.mx\/sitio2025\/wp-json\/wp\/v2\/posts\/10259\/revisions"}],"predecessor-version":[{"id":10284,"href":"https:\/\/teegro.gob.mx\/sitio2025\/wp-json\/wp\/v2\/posts\/10259\/revisions\/10284"}],"wp:attachment":[{"href":"https:\/\/teegro.gob.mx\/sitio2025\/wp-json\/wp\/v2\/media?parent=10259"}],"wp:term":[{"taxonomy":"category","embeddable":true,"href":"https:\/\/teegro.gob.mx\/sitio2025\/wp-json\/wp\/v2\/categories?post=10259"},{"taxonomy":"post_tag","embeddable":true,"href":"https:\/\/teegro.gob.mx\/sitio2025\/wp-json\/wp\/v2\/tags?post=10259"}],"curies":[{"name":"wp","href":"https:\/\/api.w.org\/{rel}","templated":true}]}}