{"id":10274,"date":"2022-09-06T11:00:21","date_gmt":"2022-09-06T16:00:21","guid":{"rendered":"https:\/\/teegro.gob.mx\/inicio\/?p=10274"},"modified":"2023-05-15T00:45:19","modified_gmt":"2023-05-15T05:45:19","slug":"trigesima-segunda-sesion-publica-de-resolucion-2","status":"publish","type":"post","link":"https:\/\/teegro.gob.mx\/sitio2025\/trigesima-segunda-sesion-publica-de-resolucion-2\/","title":{"rendered":"Trig\u00e9sima Segunda Sesi\u00f3n P\u00fablica de Resoluci\u00f3n"},"content":{"rendered":"<!-- VideographyWP Plugin Message: Automatic video embedding prevented by plugin options. -->\n<p><\/p>\n\n\n<ul class=\"wp-block-list\"><li><a href=\"https:\/\/teegro.gob.mx\/inicio\/wp-content\/uploads\/2022\/09\/Lista060922.pdf\">Orden del d\u00eda<\/a><\/li><li><a href=\"https:\/\/youtu.be\/SP-S71OpPlg\">V\u00eddeo de la Sesi\u00f3n<\/a><\/li><\/ul>\n\n\n\n<h3 class=\"wp-block-heading\">Contenido<\/h3>\n\n\n\n<ul class=\"wp-block-list\"><li>TEE\/AG\/005\/2022 Acuerdo plenario &#8211; Demetrio Cand\u00eda G\u00e1lvez<\/li><li>TEE\/JEC\/039\/2022 Acuerdo plenario &#8211; Mar\u00eda Morales Salmer\u00f3n<\/li><li>TEE\/PES\/005\/2020 Acuerdo plenario &#8211; Eleazar Mar\u00edn Quebrado<\/li><li>TEE\/JEC\/017\/2022 Acuerdo plenario &#8211; Salvador Daniel Coronado Mart\u00ednez<\/li><li>TEE\/JEC\/030\/2022 y acumulados &#8211; Lorenzo Isidro Baltazar y otras personas<\/li><li>TEE\/JEC\/028\/2022 &#8211; Trinidad Garc\u00eda Torres y otras personas<\/li><\/ul>\n\n\n\n<h2 class=\"wp-block-heading\"><\/h2>\n\n\n\n<!--more-->\n\n\n\n<h3 class=\"wp-block-heading\"><strong>TEE\/AG\/005\/2022 Acuerdo plenario<\/strong><\/h3>\n\n\n\n<p><strong>Actor:<\/strong> Demetrio Cand\u00eda G\u00e1lvez&nbsp;<\/p>\n\n\n\n<p><strong>Autoridad responsable:<\/strong> Ayuntamiento de Xalpatlahuac<\/p>\n\n\n\n<p><strong>Descarga:<\/strong> <a href=\"https:\/\/teegro.gob.mx\/inicio\/wp-content\/uploads\/2022\/09\/TEE-AG-005-2022.pdf\">Descargar<\/a><\/p>\n\n\n\n<h3 class=\"wp-block-heading\"><strong>TEE\/JEC\/039\/2022 Acuerdo plenario<\/strong><\/h3>\n\n\n\n<p><strong>Actor:<\/strong> Mar\u00eda Morales Salmer\u00f3n<\/p>\n\n\n\n<p><strong>Autoridad responsable:<\/strong> Comisi\u00f3n Nacional de Honestidad y Justicia de Morena<\/p>\n\n\n\n<p><strong>Descarga:<\/strong> <a href=\"https:\/\/teegro.gob.mx\/inicio\/wp-content\/uploads\/2022\/09\/TEE-JEC-039-2022.pdf\">Descargar<\/a><\/p>\n\n\n\n<h3 class=\"wp-block-heading\"><strong>TEE\/PES\/005\/2020 Acuerdo plenario<\/strong><\/h3>\n\n\n\n<p><strong>Denunciante:<\/strong> Eleazar Mar\u00edn Quebrado<\/p>\n\n\n\n<p><strong>Denunciado:<\/strong> Efr\u00e9n \u00c1ngel Romero Sotelo y otros<\/p>\n\n\n\n<p><strong>Descarga:<\/strong> <a href=\"https:\/\/teegro.gob.mx\/inicio\/wp-content\/uploads\/2022\/09\/TEE-PES-005-2020.pdf\">Descargar<\/a><\/p>\n\n\n\n<h3 class=\"wp-block-heading\"><strong>TEE\/JEC\/017\/2022 Acuerdo plenario<\/strong><\/h3>\n\n\n\n<p><strong>Actor:<\/strong> Salvador Daniel Coronado Mart\u00ednez<\/p>\n\n\n\n<p><strong>Autoridad responsable:<\/strong> Presidente Municipal del Ayuntamiento de Ometepec<\/p>\n\n\n\n<p><strong>Descarga:<\/strong> <a href=\"https:\/\/teegro.gob.mx\/inicio\/wp-content\/uploads\/2022\/09\/TEE-JEC-017-2022.pdf\">Descargar<\/a><\/p>\n\n\n\n<h3 class=\"wp-block-heading\"><strong>TEE\/JEC\/030\/2022 y acumulados<\/strong><\/h3>\n\n\n\n<p><strong>Actor:<\/strong> Lorenzo Isidro Baltazar y otras personas&nbsp;<\/p>\n\n\n\n<p><strong>Autoridad responsable:<\/strong> Presidenta y Secretario General del Ayuntamiento de Eduardo Neri&nbsp;<\/p>\n\n\n\n<p><strong>Descarga:<\/strong> <a href=\"https:\/\/teegro.gob.mx\/inicio\/wp-content\/uploads\/2022\/09\/TEE-JEC-030-2022-Y-ACUMULADOS.pdf\">Descargar<\/a><\/p>\n\n\n\n<h3 class=\"wp-block-heading\"><strong>TEE\/JEC\/028\/2022<\/strong><\/h3>\n\n\n\n<p><strong>Actor:<\/strong> Trinidad Garc\u00eda Torres y otras personas<\/p>\n\n\n\n<p><strong>Autoridad responsable:<\/strong> Ayuntamiento de Taxco de Alarc\u00f3n&nbsp;<\/p>\n\n\n\n<p><strong>Descarga:<\/strong> <a href=\"https:\/\/teegro.gob.mx\/inicio\/wp-content\/uploads\/2022\/09\/TEE-JEC-028-2022.pdf\">Descargar<\/a><\/p>\n","protected":false},"excerpt":{"rendered":"<p>Orden del d\u00eda V\u00eddeo de la Sesi\u00f3n Contenido TEE\/AG\/005\/2022 Acuerdo plenario &#8211; Demetrio Cand\u00eda G\u00e1lvez TEE\/JEC\/039\/2022 Acuerdo plenario &#8211; Mar\u00eda Morales Salmer\u00f3n TEE\/PES\/005\/2020 Acuerdo plenario &#8211; Eleazar Mar\u00edn Quebrado TEE\/JEC\/017\/2022 Acuerdo plenario &#8211; Salvador Daniel Coronado Mart\u00ednez TEE\/JEC\/030\/2022 y acumulados &#8211; Lorenzo Isidro Baltazar y otras personas TEE\/JEC\/028\/2022 &#8211; Trinidad Garc\u00eda Torres y otras personas<\/p>\n","protected":false},"author":1,"featured_media":0,"comment_status":"open","ping_status":"open","sticky":false,"template":"","format":"standard","meta":{"_acf_changed":false,"footnotes":""},"categories":[210],"tags":[],"class_list":["post-10274","post","type-post","status-publish","format-standard","hentry","category-gaceta"],"acf":[],"_links":{"self":[{"href":"https:\/\/teegro.gob.mx\/sitio2025\/wp-json\/wp\/v2\/posts\/10274","targetHints":{"allow":["GET"]}}],"collection":[{"href":"https:\/\/teegro.gob.mx\/sitio2025\/wp-json\/wp\/v2\/posts"}],"about":[{"href":"https:\/\/teegro.gob.mx\/sitio2025\/wp-json\/wp\/v2\/types\/post"}],"author":[{"embeddable":true,"href":"https:\/\/teegro.gob.mx\/sitio2025\/wp-json\/wp\/v2\/users\/1"}],"replies":[{"embeddable":true,"href":"https:\/\/teegro.gob.mx\/sitio2025\/wp-json\/wp\/v2\/comments?post=10274"}],"version-history":[{"count":10,"href":"https:\/\/teegro.gob.mx\/sitio2025\/wp-json\/wp\/v2\/posts\/10274\/revisions"}],"predecessor-version":[{"id":10289,"href":"https:\/\/teegro.gob.mx\/sitio2025\/wp-json\/wp\/v2\/posts\/10274\/revisions\/10289"}],"wp:attachment":[{"href":"https:\/\/teegro.gob.mx\/sitio2025\/wp-json\/wp\/v2\/media?parent=10274"}],"wp:term":[{"taxonomy":"category","embeddable":true,"href":"https:\/\/teegro.gob.mx\/sitio2025\/wp-json\/wp\/v2\/categories?post=10274"},{"taxonomy":"post_tag","embeddable":true,"href":"https:\/\/teegro.gob.mx\/sitio2025\/wp-json\/wp\/v2\/tags?post=10274"}],"curies":[{"name":"wp","href":"https:\/\/api.w.org\/{rel}","templated":true}]}}