{"id":10293,"date":"2022-09-20T11:00:00","date_gmt":"2022-09-20T16:00:00","guid":{"rendered":"https:\/\/teegro.gob.mx\/inicio\/?p=10293"},"modified":"2023-05-15T01:15:28","modified_gmt":"2023-05-15T06:15:28","slug":"trigesima-tercera-sesion-publica-de-resolucion-2","status":"publish","type":"post","link":"https:\/\/teegro.gob.mx\/sitio2025\/trigesima-tercera-sesion-publica-de-resolucion-2\/","title":{"rendered":"Trig\u00e9sima Tercera Sesi\u00f3n P\u00fablica de Resoluci\u00f3n"},"content":{"rendered":"<!-- VideographyWP Plugin Message: Automatic video embedding prevented by plugin options. -->\n\n<ul>\n<li><a href=\"https:\/\/teegro.gob.mx\/inicio\/wp-content\/uploads\/2022\/09\/lista-200922.pdf\">Orden del d\u00eda<\/a><\/li>\n<li><a href=\"https:\/\/youtu.be\/OWA1QlQTcNA\">V\u00eddeo de la Sesi\u00f3n<\/a><\/li>\n<\/ul>\n<h3>Contenido<\/h3>\n<ul>\n<li>TEE\/JEC\/022\/2022 Acuerdo plenario &#8211; Martha Adriana Torreblanca Mart\u00ednez<\/li>\n<li>TEE\/JEC\/016\/2022 Acuerdo plenario &#8211; Felicita Navarrete Neri<\/li>\n<li>TEE\/JEC\/034\/2022 Acuerdo plenario &#8211; \u00c1ngel Basurto Ortega y Gudulia Bravo Sim\u00f3n<\/li>\n<li>TEE\/JEC\/038\/2022 &#8211; Trinidad Almaz\u00e1n Aponte<\/li>\n<li>TEE\/JEC\/026\/2022 &#8211; Sergio Montes Carrillo<\/li>\n<li>TEE\/JEC\/037\/2022 &#8211; Sandra Jim\u00e9nez Herrera<\/li>\n<li>TEE\/JLT\/001\/2021 &#8211; Alma Gonz\u00e1lez de la Cruz y otras personas<\/li>\n<li>TEE\/LCT\/013\/2022 &#8211; Cuauht\u00e9moc Casta\u00f1eda Gorostieta&nbsp;<\/li>\n<\/ul>\n<h2><!--more--><\/h2>\n<h3><strong>TEE\/JEC\/022\/2022 Acuerdo plenario<\/strong><\/h3>\n<p><strong>Actor:<\/strong> Martha Adriana Torreblanca Mart\u00ednez <\/p>\n<p><strong>Autoridad responsable:<\/strong> Presidente del Comit\u00e9 Directivo Estatal del PAN y otra persona <\/p>\n<p><strong>Descarga:<\/strong> <a href=\"https:\/\/teegro.gob.mx\/inicio\/wp-content\/uploads\/2022\/09\/TEE-JEC-022-2022-Acuerdo.pdf\">Descargar<\/a><\/p>\n<h3><strong>TEE\/JEC\/016\/2022 Acuerdo plenario<\/strong><\/h3>\n<p><strong>Actor:<\/strong> Felicita Navarrete Neri<\/p>\n<p><strong>Autoridad responsable:<\/strong> Comit\u00e9 Directivo Estatal del PAN<\/p>\n<p><strong>Descarga:<\/strong> <a href=\"https:\/\/teegro.gob.mx\/inicio\/wp-content\/uploads\/2022\/09\/TEE-JEC-016-2022-Acuerdo.pdf\">Descargar<\/a><\/p>\n<h3><strong>TEE\/JEC\/034\/2022 Acuerdo plenario<\/strong><\/h3>\n<p><strong>Actor:<\/strong> \u00c1ngel Basurto Ortega y Gudulia Bravo Sim\u00f3n<\/p>\n<p><strong>Autoridad responsable:<\/strong> Comisi\u00f3n Nacional de Honestidad y Justicia de Morena<\/p>\n<p><strong>Descarga:<\/strong> <a href=\"https:\/\/teegro.gob.mx\/inicio\/wp-content\/uploads\/2022\/09\/TEE-JEC-034-2022-Acuerdo.pdf\">Descargar<\/a><\/p>\n<h3><strong>TEE\/JEC\/038\/2022<\/strong><\/h3>\n<p><strong>Actor:<\/strong> Trinidad Almaz\u00e1n Aponte<\/p>\n<p><strong>Autoridad responsable:<\/strong> Congreso del Estado de Guerrero<\/p>\n<p><strong>Descarga:<\/strong> <a href=\"https:\/\/teegro.gob.mx\/inicio\/wp-content\/uploads\/2022\/09\/TEE-JEC-038-2022.pdf\">Descargar<\/a><\/p>\n<h3><strong>TEE\/JEC\/026\/2022<\/strong><\/h3>\n<p><strong>Actor:<\/strong> Sergio Montes Carrillo<\/p>\n<p><strong>Autoridad responsable:<\/strong> Comisi\u00f3n Nacional de Honestidad y Justicia de Morena<\/p>\n<p><strong>Descarga:<\/strong> <a href=\"https:\/\/teegro.gob.mx\/inicio\/wp-content\/uploads\/2022\/09\/TEE-JEC-026-2021.pdf\">Descargar<\/a><\/p>\n<h3><strong>TEE\/JEC\/037\/2022<\/strong><\/h3>\n<p><strong>Actor:<\/strong> Sandra Jim\u00e9nez Herrera<\/p>\n<p><strong>Autoridad responsable:<\/strong> Ayuntamiento de Marquelia, Guerrero<\/p>\n<p><strong>Descarga:<\/strong> <a href=\"https:\/\/teegro.gob.mx\/inicio\/wp-content\/uploads\/2022\/09\/TEE-JEC-037-2022.pdf\">Descargar<\/a><\/p>\n<h3><strong>TEE\/JLT\/001\/2021<\/strong><\/h3>\n<p><strong>Actora:<\/strong> Alma Gonz\u00e1lez de la Cruz y otras personas<\/p>\n<p><strong>Demandado:<\/strong> Tribunal Electoral del Estado de Guerrero<\/p>\n<p><strong>Descarga:<\/strong> <a href=\"https:\/\/teegro.gob.mx\/inicio\/wp-content\/uploads\/2022\/09\/TEE-JLT-001-2021.pdf\">Descargar<\/a><\/p>\n<h3><strong>TEE\/LCT\/013\/2022<\/strong><\/h3>\n<p><strong>Actor:<\/strong> Cuauht\u00e9moc Casta\u00f1eda Gorostieta<\/p>\n<p><strong>Autoridad responsable:<\/strong> Tribunal Electoral del Estado de Guerrero<\/p>\n<p><strong>Descarga:<\/strong> <a href=\"https:\/\/teegro.gob.mx\/inicio\/wp-content\/uploads\/2022\/09\/TEE-LCT-013-2022.pdf\">Descargar<\/a><\/p>\n","protected":false},"excerpt":{"rendered":"<p>Orden del d\u00eda V\u00eddeo de la Sesi\u00f3n Contenido TEE\/JEC\/022\/2022 Acuerdo plenario &#8211; Martha Adriana Torreblanca Mart\u00ednez TEE\/JEC\/016\/2022 Acuerdo plenario &#8211; Felicita Navarrete Neri TEE\/JEC\/034\/2022 Acuerdo plenario &#8211; \u00c1ngel Basurto Ortega y Gudulia Bravo Sim\u00f3n TEE\/JEC\/038\/2022 &#8211; Trinidad Almaz\u00e1n Aponte TEE\/JEC\/026\/2022 &#8211; Sergio Montes Carrillo TEE\/JEC\/037\/2022 &#8211; Sandra Jim\u00e9nez Herrera TEE\/JLT\/001\/2021 &#8211; Alma Gonz\u00e1lez de la [&hellip;]<\/p>\n","protected":false},"author":1,"featured_media":0,"comment_status":"open","ping_status":"open","sticky":false,"template":"","format":"standard","meta":{"_acf_changed":false,"footnotes":""},"categories":[210],"tags":[],"class_list":["post-10293","post","type-post","status-publish","format-standard","hentry","category-gaceta"],"acf":[],"_links":{"self":[{"href":"https:\/\/teegro.gob.mx\/sitio2025\/wp-json\/wp\/v2\/posts\/10293","targetHints":{"allow":["GET"]}}],"collection":[{"href":"https:\/\/teegro.gob.mx\/sitio2025\/wp-json\/wp\/v2\/posts"}],"about":[{"href":"https:\/\/teegro.gob.mx\/sitio2025\/wp-json\/wp\/v2\/types\/post"}],"author":[{"embeddable":true,"href":"https:\/\/teegro.gob.mx\/sitio2025\/wp-json\/wp\/v2\/users\/1"}],"replies":[{"embeddable":true,"href":"https:\/\/teegro.gob.mx\/sitio2025\/wp-json\/wp\/v2\/comments?post=10293"}],"version-history":[{"count":4,"href":"https:\/\/teegro.gob.mx\/sitio2025\/wp-json\/wp\/v2\/posts\/10293\/revisions"}],"predecessor-version":[{"id":10297,"href":"https:\/\/teegro.gob.mx\/sitio2025\/wp-json\/wp\/v2\/posts\/10293\/revisions\/10297"}],"wp:attachment":[{"href":"https:\/\/teegro.gob.mx\/sitio2025\/wp-json\/wp\/v2\/media?parent=10293"}],"wp:term":[{"taxonomy":"category","embeddable":true,"href":"https:\/\/teegro.gob.mx\/sitio2025\/wp-json\/wp\/v2\/categories?post=10293"},{"taxonomy":"post_tag","embeddable":true,"href":"https:\/\/teegro.gob.mx\/sitio2025\/wp-json\/wp\/v2\/tags?post=10293"}],"curies":[{"name":"wp","href":"https:\/\/api.w.org\/{rel}","templated":true}]}}