{"id":10311,"date":"2022-10-18T11:00:00","date_gmt":"2022-10-18T16:00:00","guid":{"rendered":"https:\/\/teegro.gob.mx\/inicio\/?p=10311"},"modified":"2023-05-15T15:40:20","modified_gmt":"2023-05-15T20:40:20","slug":"trigesima-sexta-sesion-publica-de-resolucion","status":"publish","type":"post","link":"https:\/\/teegro.gob.mx\/sitio2025\/trigesima-sexta-sesion-publica-de-resolucion\/","title":{"rendered":"Trig\u00e9sima Sexta Sesi\u00f3n P\u00fablica de Resoluci\u00f3n"},"content":{"rendered":"<!-- VideographyWP Plugin Message: Automatic video embedding prevented by plugin options. -->\n\n<ul>\n<li><a href=\"https:\/\/teegro.gob.mx\/inicio\/wp-content\/uploads\/2022\/10\/Lista_181022.pdf\">Orden del d\u00eda<\/a><\/li>\n<li><a href=\"https:\/\/youtu.be\/AeNZtwGDw68\">V\u00eddeo de la Sesi\u00f3n<\/a><\/li>\n<\/ul>\n<h3>Contenido<\/h3>\n<ul>\n<li>TEE\/JEC\/022\/2022 Acuerdo plenario &#8211; Martha Adriana Torreblanca Mart\u00ednez<\/li>\n<li>TEE\/LCT\/016\/2022 &#8211; Olivia Jimena Jim\u00e9nez Bello<\/li>\n<li>TEE\/LCT\/019\/2022 &#8211; Ricardo Hern\u00e1ndez Abarca<\/li>\n<li>TEE\/LCT\/021\/2022 &#8211; Alejandro Francisco Fino Gonz\u00e1lez\u00a0<\/li>\n<li>TEE\/LCT\/014\/2022 &#8211; Estephany Tanairi G\u00f3mez Moreno<\/li>\n<li>TEE\/LCT\/017\/2022 &#8211; V\u00edctor Manuel Hern\u00e1ndez Garc\u00eda<\/li>\n<li>TEE\/LCT\/020\/2022 &#8211; Daniela Jovita Vilchis Salgado<\/li>\n<li>TEE\/LCT\/015\/2022 &#8211; Nancy Navarrete Bello<\/li>\n<li>TEE\/LCT\/018\/2022 &#8211; Olivia Bello Loaeza<\/li>\n<\/ul>\n<p><!--more--><\/p>\n<h3><strong>TEE\/JEC\/022\/2022 Acuerdo plenario<\/strong><\/h3>\n<p><strong>Actor:<\/strong> Martha Adriana Torreblanca Mart\u00ednez<\/p>\n<p><strong>Autoridad responsable:<\/strong> Presidente del Comit\u00e9 Directivo Estatal del PAN en Guerrero y otra persona<\/p>\n<p><strong>Descarga:<\/strong> <a href=\"https:\/\/teegro.gob.mx\/inicio\/wp-content\/uploads\/2022\/10\/TEE-JEC-022-2022-Acuerdo.pdf\">Descargar<\/a><\/p>\n<h3><strong>TEE\/LCT\/016\/2022<\/strong><\/h3>\n<p><strong>Actor:<\/strong> Olivia Jimena Jim\u00e9nez Bello<\/p>\n<p><strong>Autoridad responsable:<\/strong> Tribunal Electoral del Estado de Guerrero<\/p>\n<p><strong>Descarga:<\/strong> <a href=\"https:\/\/teegro.gob.mx\/inicio\/wp-content\/uploads\/2022\/10\/TEE-LCT-016-2022.pdf\">Descargar<\/a><\/p>\n<h3><strong>TEE\/LCT\/019\/2022<\/strong><\/h3>\n<p><strong>Actor:<\/strong> Ricardo Hern\u00e1ndez Abarca<\/p>\n<p><strong>Autoridad responsable:<\/strong> Tribunal Electoral del Estado de Guerrero\u00a0<\/p>\n<p><strong>Descarga:<\/strong> <a href=\"https:\/\/teegro.gob.mx\/inicio\/wp-content\/uploads\/2022\/10\/TEE-LCT-019-2022.pdf\">Descargar<\/a><\/p>\n<h3><strong>TEE\/LCT\/021\/2022<\/strong><\/h3>\n<p><strong>Actor:<\/strong> Alejandro Francisco Fino Gonz\u00e1lez<\/p>\n<p><strong>Autoridad responsable:<\/strong> Tribunal Electoral del Estado de Guerrero\u00a0<\/p>\n<p><strong>Descarga:<\/strong> <a href=\"https:\/\/teegro.gob.mx\/inicio\/wp-content\/uploads\/2022\/10\/TEE-LCT-021-2022.pdf\">Descargar<\/a><\/p>\n<h3><strong>TEE\/LCT\/014\/2022<\/strong><\/h3>\n<p><strong>Actor:<\/strong> Estephany Tanairi G\u00f3mez Moreno<\/p>\n<p><strong>Autoridad responsable:<\/strong> Tribunal Electoral del Estado de Guerrero\u00a0<\/p>\n<p><strong>Descarga:<\/strong> <a href=\"https:\/\/teegro.gob.mx\/inicio\/wp-content\/uploads\/2022\/10\/TEE-LCT-014-2022.pdf\">Descargar<\/a><\/p>\n<h3><strong>TEE\/LCT\/017\/2022<\/strong><\/h3>\n<p><strong>Actor:<\/strong> V\u00edctor Manuel Hern\u00e1ndez Garc\u00eda<\/p>\n<p><strong>Autoridad responsable:<\/strong> Tribunal Electoral del Estado de Guerrero\u00a0<\/p>\n<p><strong>Descarga:<\/strong> <a href=\"https:\/\/teegro.gob.mx\/inicio\/wp-content\/uploads\/2022\/10\/TEE-LCT-017-2022.pdf\">Descargar<\/a><\/p>\n<h3><strong>TEE\/LCT\/020\/2022<\/strong><\/h3>\n<p><strong>Actor:<\/strong> Daniela Jovita Vilchis Salgado<\/p>\n<p><strong>Autoridad responsable:<\/strong> Tribunal Electoral del Estado de Guerrero\u00a0<\/p>\n<p><strong>Descarga:<\/strong> <a href=\"https:\/\/teegro.gob.mx\/inicio\/wp-content\/uploads\/2022\/10\/TEE-LCT-020-2022.pdf\">Descargar<\/a><\/p>\n<h3><strong>TEE\/LCT\/015\/2022<\/strong><\/h3>\n<p><strong>Actor:<\/strong> Nancy Navarrete Bello<\/p>\n<p><strong>Autoridad responsable:<\/strong> Tribunal Electoral del Estado de Guerrero\u00a0<\/p>\n<p><strong>Descarga:<\/strong> <a href=\"https:\/\/teegro.gob.mx\/inicio\/wp-content\/uploads\/2022\/10\/TEE-LCT-015-2022.pdf\">Descargar<\/a><\/p>\n<h3><strong>TEE\/LCT\/018\/2022<\/strong><\/h3>\n<p><strong>Actor:<\/strong> Olivia Bello Loaeza<\/p>\n<p><strong>Autoridad responsable:<\/strong> Tribunal Electoral del Estado de Guerrero\u00a0<\/p>\n<p><strong>Descarga:<\/strong> <a href=\"https:\/\/teegro.gob.mx\/inicio\/wp-content\/uploads\/2022\/10\/TEE-LCT-018-2022.pdf\">Descargar<\/a><\/p>\n","protected":false},"excerpt":{"rendered":"<p>Orden del d\u00eda V\u00eddeo de la Sesi\u00f3n Contenido TEE\/JEC\/022\/2022 Acuerdo plenario &#8211; Martha Adriana Torreblanca Mart\u00ednez TEE\/LCT\/016\/2022 &#8211; Olivia Jimena Jim\u00e9nez Bello TEE\/LCT\/019\/2022 &#8211; Ricardo Hern\u00e1ndez Abarca TEE\/LCT\/021\/2022 &#8211; Alejandro Francisco Fino Gonz\u00e1lez\u00a0 TEE\/LCT\/014\/2022 &#8211; Estephany Tanairi G\u00f3mez Moreno TEE\/LCT\/017\/2022 &#8211; V\u00edctor Manuel Hern\u00e1ndez Garc\u00eda TEE\/LCT\/020\/2022 &#8211; Daniela Jovita Vilchis Salgado TEE\/LCT\/015\/2022 &#8211; Nancy Navarrete [&hellip;]<\/p>\n","protected":false},"author":1,"featured_media":0,"comment_status":"open","ping_status":"open","sticky":false,"template":"","format":"standard","meta":{"_acf_changed":false,"footnotes":""},"categories":[210],"tags":[],"class_list":["post-10311","post","type-post","status-publish","format-standard","hentry","category-gaceta"],"acf":[],"_links":{"self":[{"href":"https:\/\/teegro.gob.mx\/sitio2025\/wp-json\/wp\/v2\/posts\/10311","targetHints":{"allow":["GET"]}}],"collection":[{"href":"https:\/\/teegro.gob.mx\/sitio2025\/wp-json\/wp\/v2\/posts"}],"about":[{"href":"https:\/\/teegro.gob.mx\/sitio2025\/wp-json\/wp\/v2\/types\/post"}],"author":[{"embeddable":true,"href":"https:\/\/teegro.gob.mx\/sitio2025\/wp-json\/wp\/v2\/users\/1"}],"replies":[{"embeddable":true,"href":"https:\/\/teegro.gob.mx\/sitio2025\/wp-json\/wp\/v2\/comments?post=10311"}],"version-history":[{"count":5,"href":"https:\/\/teegro.gob.mx\/sitio2025\/wp-json\/wp\/v2\/posts\/10311\/revisions"}],"predecessor-version":[{"id":10319,"href":"https:\/\/teegro.gob.mx\/sitio2025\/wp-json\/wp\/v2\/posts\/10311\/revisions\/10319"}],"wp:attachment":[{"href":"https:\/\/teegro.gob.mx\/sitio2025\/wp-json\/wp\/v2\/media?parent=10311"}],"wp:term":[{"taxonomy":"category","embeddable":true,"href":"https:\/\/teegro.gob.mx\/sitio2025\/wp-json\/wp\/v2\/categories?post=10311"},{"taxonomy":"post_tag","embeddable":true,"href":"https:\/\/teegro.gob.mx\/sitio2025\/wp-json\/wp\/v2\/tags?post=10311"}],"curies":[{"name":"wp","href":"https:\/\/api.w.org\/{rel}","templated":true}]}}