{"id":10320,"date":"2022-10-25T11:00:00","date_gmt":"2022-10-25T16:00:00","guid":{"rendered":"https:\/\/teegro.gob.mx\/inicio\/?p=10320"},"modified":"2023-05-15T16:30:44","modified_gmt":"2023-05-15T21:30:44","slug":"trigesima-septima-sesion-publica-de-resolucion","status":"publish","type":"post","link":"https:\/\/teegro.gob.mx\/sitio2025\/trigesima-septima-sesion-publica-de-resolucion\/","title":{"rendered":"Trig\u00e9sima S\u00e9ptima Sesi\u00f3n P\u00fablica de Resoluci\u00f3n"},"content":{"rendered":"<!-- VideographyWP Plugin Message: Automatic video embedding prevented by plugin options. -->\n\n<ul>\n<li><a href=\"https:\/\/teegro.gob.mx\/inicio\/wp-content\/uploads\/2022\/10\/lista251022.pdf\">Orden del d\u00eda<\/a><\/li>\n<li><a href=\"https:\/\/youtu.be\/bO5RODVdj3I\">V\u00eddeo de la Sesi\u00f3n<\/a><\/li>\n<\/ul>\n<h3>Contenido<\/h3>\n<ul>\n<li>TEE\/JEL\/001\/2022 ACUERDO PLENARIO &#8211; Yanedith Barrientos Santiag<\/li>\n<li>TEE\/JEL\/002\/2022 y TEE\/JEL\/003\/2022 ACUMULADOS &#8211; X\u00f3chitl Heredia Barrientos<\/li>\n<\/ul>\n<p><!--more--><\/p>\n<h3><strong>TEE\/<\/strong>JEL\/001\/2022 ACUERDO PLENARIO<\/h3>\n<p><strong>Actora:<\/strong> Yanedith Barrientos Santiago <\/p>\n<p><strong>Autoridad responsable:<\/strong> Comit\u00e9 Ejecutivo Estatal del PRD <\/p>\n<p><strong>Descarga:<\/strong> <a href=\"https:\/\/teegro.gob.mx\/inicio\/wp-content\/uploads\/2022\/10\/TEE-JEL-001-2022.pdf\">Descargar<\/a><\/p>\n<h3><strong>TEE\/<\/strong>JEL\/002\/2022 y TEE\/JEL\/003\/2022 ACUMULADOS<\/h3>\n<p><strong>Actora:<\/strong> X\u00f3chitl Heredia Barrientos <\/p>\n<p><strong>Autoridad responsable:<\/strong> Coordinaci\u00f3n de lo Contencioso Electoral del IEPCGro&nbsp; <\/p>\n<p><strong>Descarga:<\/strong> <a href=\"https:\/\/teegro.gob.mx\/inicio\/wp-content\/uploads\/2022\/10\/TEE-JEL-002-2022-y-TEE-JEL-003-2022-ACUMULADOS.pdf\">Descargar<\/a><\/p>\n","protected":false},"excerpt":{"rendered":"<p>Orden del d\u00eda V\u00eddeo de la Sesi\u00f3n Contenido TEE\/JEL\/001\/2022 ACUERDO PLENARIO &#8211; Yanedith Barrientos Santiag TEE\/JEL\/002\/2022 y TEE\/JEL\/003\/2022 ACUMULADOS &#8211; X\u00f3chitl Heredia Barrientos<\/p>\n","protected":false},"author":1,"featured_media":0,"comment_status":"open","ping_status":"open","sticky":false,"template":"","format":"standard","meta":{"_acf_changed":false,"footnotes":""},"categories":[210],"tags":[],"class_list":["post-10320","post","type-post","status-publish","format-standard","hentry","category-gaceta"],"acf":[],"_links":{"self":[{"href":"https:\/\/teegro.gob.mx\/sitio2025\/wp-json\/wp\/v2\/posts\/10320","targetHints":{"allow":["GET"]}}],"collection":[{"href":"https:\/\/teegro.gob.mx\/sitio2025\/wp-json\/wp\/v2\/posts"}],"about":[{"href":"https:\/\/teegro.gob.mx\/sitio2025\/wp-json\/wp\/v2\/types\/post"}],"author":[{"embeddable":true,"href":"https:\/\/teegro.gob.mx\/sitio2025\/wp-json\/wp\/v2\/users\/1"}],"replies":[{"embeddable":true,"href":"https:\/\/teegro.gob.mx\/sitio2025\/wp-json\/wp\/v2\/comments?post=10320"}],"version-history":[{"count":3,"href":"https:\/\/teegro.gob.mx\/sitio2025\/wp-json\/wp\/v2\/posts\/10320\/revisions"}],"predecessor-version":[{"id":10323,"href":"https:\/\/teegro.gob.mx\/sitio2025\/wp-json\/wp\/v2\/posts\/10320\/revisions\/10323"}],"wp:attachment":[{"href":"https:\/\/teegro.gob.mx\/sitio2025\/wp-json\/wp\/v2\/media?parent=10320"}],"wp:term":[{"taxonomy":"category","embeddable":true,"href":"https:\/\/teegro.gob.mx\/sitio2025\/wp-json\/wp\/v2\/categories?post=10320"},{"taxonomy":"post_tag","embeddable":true,"href":"https:\/\/teegro.gob.mx\/sitio2025\/wp-json\/wp\/v2\/tags?post=10320"}],"curies":[{"name":"wp","href":"https:\/\/api.w.org\/{rel}","templated":true}]}}