{"id":10324,"date":"2022-10-27T11:00:00","date_gmt":"2022-10-27T16:00:00","guid":{"rendered":"https:\/\/teegro.gob.mx\/inicio\/?p=10324"},"modified":"2023-05-15T16:55:30","modified_gmt":"2023-05-15T21:55:30","slug":"trigesima-octava-sesion-publica-de-resolucion","status":"publish","type":"post","link":"https:\/\/teegro.gob.mx\/sitio2025\/trigesima-octava-sesion-publica-de-resolucion\/","title":{"rendered":"Trig\u00e9sima Octava Sesi\u00f3n P\u00fablica de Resoluci\u00f3n"},"content":{"rendered":"<!-- VideographyWP Plugin Message: Automatic video embedding prevented by plugin options. -->\n\n<ul>\n<li><a href=\"https:\/\/teegro.gob.mx\/inicio\/wp-content\/uploads\/2022\/10\/lista271022.pdf\">Orden del d\u00eda<\/a><\/li>\n<li><a href=\"https:\/\/youtu.be\/8PgQrb00AjA\">V\u00eddeo de la Sesi\u00f3n<\/a><\/li>\n<\/ul>\n<h3>Contenido<\/h3>\n<ul>\n<li>TEE\/JEC\/033\/2022 y TEE\/JEC\/040\/2022 ACUMULADOS &#8211; Herminia Mart\u00ednez Santos y otras personas<\/li>\n<li>TEE\/JEC\/035\/2022 &#8211; Rosal\u00eda Alberto Rosas<\/li>\n<li>TEE\/JEC\/041\/2022 &#8211; Yaneth Guti\u00e9rrez Izazaga&nbsp;<\/li>\n<\/ul>\n<p><!--more--><\/p>\n<h3><strong>TEE\/<\/strong>JEC\/033\/2022 y TEE\/JEC\/040\/2022 ACUMULADOS<\/h3>\n<p><strong>Actora:<\/strong> Herminia Mart\u00ednez Santos y otras personas <\/p>\n<p><strong>Autoridad responsable:<\/strong> Ayuntamiento de San Luis Acatl\u00e1n Guerrero y otras&nbsp; <\/p>\n<p><strong>Descarga:<\/strong> <a href=\"https:\/\/teegro.gob.mx\/inicio\/wp-content\/uploads\/2022\/10\/TEE-JEC-33-y-40-Acumulados.pdf\">Descargar<\/a><\/p>\n<h3><strong>TEE\/JEC\/035\/2022<\/strong><\/h3>\n<p><strong>Actora:<\/strong> Rosal\u00eda Alberto Rosas <\/p>\n<p><strong>Autoridad responsable:<\/strong> Ayuntamiento de San Luis Acatl\u00e1n Guerrero y otras <\/p>\n<p><strong>Descarga:<\/strong> <a href=\"https:\/\/teegro.gob.mx\/inicio\/wp-content\/uploads\/2022\/10\/TEE-JEC-035-2022.pdf\">Descargar<\/a><\/p>\n<h3><strong>TEE\/JEC\/041\/2022<\/strong><\/h3>\n<p><strong>Actora:<\/strong> Yaneth Guti\u00e9rrez Izazaga<\/p>\n<p><strong>Autoridad responsable:<\/strong> Ayuntamiento de la Uni\u00f3n de Isidoro Montes de Oca, Guerrero<\/p>\n<p><strong>Descarga:<\/strong> <a href=\"https:\/\/teegro.gob.mx\/inicio\/wp-content\/uploads\/2022\/10\/TEE-JEC-041-2022.pdf\">Descargar<\/a><\/p>\n","protected":false},"excerpt":{"rendered":"<p>Orden del d\u00eda V\u00eddeo de la Sesi\u00f3n Contenido TEE\/JEC\/033\/2022 y TEE\/JEC\/040\/2022 ACUMULADOS &#8211; Herminia Mart\u00ednez Santos y otras personas TEE\/JEC\/035\/2022 &#8211; Rosal\u00eda Alberto Rosas TEE\/JEC\/041\/2022 &#8211; Yaneth Guti\u00e9rrez Izazaga&nbsp;<\/p>\n","protected":false},"author":1,"featured_media":0,"comment_status":"open","ping_status":"open","sticky":false,"template":"","format":"standard","meta":{"_acf_changed":false,"footnotes":""},"categories":[210],"tags":[],"class_list":["post-10324","post","type-post","status-publish","format-standard","hentry","category-gaceta"],"acf":[],"_links":{"self":[{"href":"https:\/\/teegro.gob.mx\/sitio2025\/wp-json\/wp\/v2\/posts\/10324","targetHints":{"allow":["GET"]}}],"collection":[{"href":"https:\/\/teegro.gob.mx\/sitio2025\/wp-json\/wp\/v2\/posts"}],"about":[{"href":"https:\/\/teegro.gob.mx\/sitio2025\/wp-json\/wp\/v2\/types\/post"}],"author":[{"embeddable":true,"href":"https:\/\/teegro.gob.mx\/sitio2025\/wp-json\/wp\/v2\/users\/1"}],"replies":[{"embeddable":true,"href":"https:\/\/teegro.gob.mx\/sitio2025\/wp-json\/wp\/v2\/comments?post=10324"}],"version-history":[{"count":3,"href":"https:\/\/teegro.gob.mx\/sitio2025\/wp-json\/wp\/v2\/posts\/10324\/revisions"}],"predecessor-version":[{"id":10327,"href":"https:\/\/teegro.gob.mx\/sitio2025\/wp-json\/wp\/v2\/posts\/10324\/revisions\/10327"}],"wp:attachment":[{"href":"https:\/\/teegro.gob.mx\/sitio2025\/wp-json\/wp\/v2\/media?parent=10324"}],"wp:term":[{"taxonomy":"category","embeddable":true,"href":"https:\/\/teegro.gob.mx\/sitio2025\/wp-json\/wp\/v2\/categories?post=10324"},{"taxonomy":"post_tag","embeddable":true,"href":"https:\/\/teegro.gob.mx\/sitio2025\/wp-json\/wp\/v2\/tags?post=10324"}],"curies":[{"name":"wp","href":"https:\/\/api.w.org\/{rel}","templated":true}]}}