{"id":10333,"date":"2022-11-29T11:00:39","date_gmt":"2022-11-29T17:00:39","guid":{"rendered":"https:\/\/teegro.gob.mx\/inicio\/?p=10333"},"modified":"2023-05-15T23:04:27","modified_gmt":"2023-05-16T04:04:27","slug":"cuadragesima-sesion-publica-de-resolucion","status":"publish","type":"post","link":"https:\/\/teegro.gob.mx\/sitio2025\/cuadragesima-sesion-publica-de-resolucion\/","title":{"rendered":"Cuadrag\u00e9sima Sesi\u00f3n P\u00fablica de Resoluci\u00f3n"},"content":{"rendered":"<!-- VideographyWP Plugin Message: Automatic video embedding prevented by plugin options. -->\n\n<ul>\n<li><a href=\"https:\/\/teegro.gob.mx\/inicio\/wp-content\/uploads\/2022\/11\/Lista291122.pdf\">Orden del d\u00eda<\/a><\/li>\n<li><a href=\"https:\/\/youtu.be\/JbVBCjItnqE\">V\u00eddeo de la Sesi\u00f3n<\/a><\/li>\n<\/ul>\n<h3>Contenido<\/h3>\n<ul>\n<li>TEE\/JEC\/038\/2022 Acuerdo Plenario &#8211; Trinidad Almaz\u00e1n Aponte<\/li>\n<li>TEE\/PES\/002\/2022 Acuerdo Plenario &#8211; Yaneth Guti\u00e9rrez Izazaga<\/li>\n<li>TEE\/RAP\/006\/2022 &#8211; Partido del Trabajo<\/li>\n<li>TEE\/AG\/006\/2022 &#8211; Rub\u00e9n Maurilio V\u00e1zquez Pineda<\/li>\n<li>TEE\/JEC\/044\/2022 &#8211; Cira Morales Valtierra<\/li>\n<\/ul>\n<p><!--more--><\/p>\n<h3><strong>TEE\/JEC\/038\/2022 Acuerdo Plenario<\/strong><\/h3>\n<p><strong>Actor:<\/strong> Trinidad Almaz\u00e1n Aponte <\/p>\n<p><strong>Autoridad responsable:<\/strong> Sexag\u00e9sima Tercera Legislatura del Congreso del Estado de Guerrero <\/p>\n<p><strong>Descarga:<\/strong> <a href=\"https:\/\/teegro.gob.mx\/inicio\/wp-content\/uploads\/2022\/11\/TEE-JEC-038-2022-Acuerdo.pdf\">Descargar<\/a><\/p>\n<h3><strong>TEE\/PES\/002\/2022 Acuerdo Plenario<\/strong><\/h3>\n<p><strong>Denunciante:<\/strong> Yaneth Guti\u00e9rrez Izazaga&nbsp; <\/p>\n<p><strong>Denunciado:<\/strong> Crescencio Reyes Torres y otra persona <\/p>\n<p><strong>Descarga:<\/strong> Retirado <\/p>\n<h3><strong>TEE\/RAP\/006\/2022<\/strong><\/h3>\n<p><strong>Actor:<\/strong> Partido del Trabajo <\/p>\n<p><strong>Autoridad responsable:<\/strong> Secretario Ejecutivo del IEPCGro <\/p>\n<p><strong>Descarga:<\/strong> <a href=\"https:\/\/teegro.gob.mx\/inicio\/wp-content\/uploads\/2022\/11\/TEE-RAP-006-2022.pdf\">Descargar<\/a><\/p>\n<h3><strong>TEE\/AG\/006\/2022<\/strong><\/h3>\n<p><strong>Actor:<\/strong> Rub\u00e9n Maurilio V\u00e1zquez Pineda <\/p>\n<p><strong>Autoridad responsable:<\/strong> Instituto Electoral y de Participaci\u00f3n Ciudadana del Estado de Guerrero <\/p>\n<p><strong>Descarga:<\/strong> <a href=\"https:\/\/teegro.gob.mx\/inicio\/wp-content\/uploads\/2022\/11\/TEE-AG-006-2022.pdf\">Descargar<\/a><\/p>\n<h3><strong>TEE\/JEC\/044\/2022<\/strong><\/h3>\n<p><strong>Actor:<\/strong> Cira Morales Valtierra<\/p>\n<p><strong>Autoridad responsable:<\/strong> Comisi\u00f3n de Justicia del Consejo Nacional del Partido Acci\u00f3n Nacional<\/p>\n<p><strong>Descarga:<\/strong> <a href=\"https:\/\/teegro.gob.mx\/inicio\/wp-content\/uploads\/2022\/11\/TEE-JEC-044-2022.pdf\">Descargar<\/a><\/p>\n","protected":false},"excerpt":{"rendered":"<p>Orden del d\u00eda V\u00eddeo de la Sesi\u00f3n Contenido TEE\/JEC\/038\/2022 Acuerdo Plenario &#8211; Trinidad Almaz\u00e1n Aponte TEE\/PES\/002\/2022 Acuerdo Plenario &#8211; Yaneth Guti\u00e9rrez Izazaga TEE\/RAP\/006\/2022 &#8211; Partido del Trabajo TEE\/AG\/006\/2022 &#8211; Rub\u00e9n Maurilio V\u00e1zquez Pineda TEE\/JEC\/044\/2022 &#8211; Cira Morales Valtierra<\/p>\n","protected":false},"author":1,"featured_media":0,"comment_status":"open","ping_status":"open","sticky":false,"template":"","format":"standard","meta":{"_acf_changed":false,"footnotes":""},"categories":[210],"tags":[],"class_list":["post-10333","post","type-post","status-publish","format-standard","hentry","category-gaceta"],"acf":[],"_links":{"self":[{"href":"https:\/\/teegro.gob.mx\/sitio2025\/wp-json\/wp\/v2\/posts\/10333","targetHints":{"allow":["GET"]}}],"collection":[{"href":"https:\/\/teegro.gob.mx\/sitio2025\/wp-json\/wp\/v2\/posts"}],"about":[{"href":"https:\/\/teegro.gob.mx\/sitio2025\/wp-json\/wp\/v2\/types\/post"}],"author":[{"embeddable":true,"href":"https:\/\/teegro.gob.mx\/sitio2025\/wp-json\/wp\/v2\/users\/1"}],"replies":[{"embeddable":true,"href":"https:\/\/teegro.gob.mx\/sitio2025\/wp-json\/wp\/v2\/comments?post=10333"}],"version-history":[{"count":4,"href":"https:\/\/teegro.gob.mx\/sitio2025\/wp-json\/wp\/v2\/posts\/10333\/revisions"}],"predecessor-version":[{"id":10337,"href":"https:\/\/teegro.gob.mx\/sitio2025\/wp-json\/wp\/v2\/posts\/10333\/revisions\/10337"}],"wp:attachment":[{"href":"https:\/\/teegro.gob.mx\/sitio2025\/wp-json\/wp\/v2\/media?parent=10333"}],"wp:term":[{"taxonomy":"category","embeddable":true,"href":"https:\/\/teegro.gob.mx\/sitio2025\/wp-json\/wp\/v2\/categories?post=10333"},{"taxonomy":"post_tag","embeddable":true,"href":"https:\/\/teegro.gob.mx\/sitio2025\/wp-json\/wp\/v2\/tags?post=10333"}],"curies":[{"name":"wp","href":"https:\/\/api.w.org\/{rel}","templated":true}]}}