{"id":10338,"date":"2022-12-09T11:00:00","date_gmt":"2022-12-09T17:00:00","guid":{"rendered":"https:\/\/teegro.gob.mx\/inicio\/?p=10338"},"modified":"2023-05-15T23:25:34","modified_gmt":"2023-05-16T04:25:34","slug":"cuadragesima-primera-sesion-publica-de-resolucion","status":"publish","type":"post","link":"https:\/\/teegro.gob.mx\/sitio2025\/cuadragesima-primera-sesion-publica-de-resolucion\/","title":{"rendered":"Cuadrag\u00e9sima Primera Sesi\u00f3n P\u00fablica de Resoluci\u00f3n"},"content":{"rendered":"<!-- VideographyWP Plugin Message: Automatic video embedding prevented by plugin options. -->\n\n<ul>\n<li><a href=\"https:\/\/teegro.gob.mx\/inicio\/wp-content\/uploads\/2022\/12\/Lista091222.pdf\">Orden del d\u00eda<\/a><\/li>\n<li><a href=\"https:\/\/youtu.be\/bpMYGuQK_Dg\">V\u00eddeo de la Sesi\u00f3n<\/a><\/li>\n<\/ul>\n<h3>Contenido<\/h3>\n<ul>\n<li>TEE\/JEC\/137\/2018 &#8211; Braulio C\u00e9sar Montes V\u00e1zquez, Olga Salmer\u00f3n Mendoza y otros<\/li>\n<li>TEE\/JEC\/043\/2022 &#8211; Claudia Mart\u00ednez S\u00e1nchez<\/li>\n<li>TEE\/PES\/006\/2022 &#8211; Raquel Garc\u00eda Ordu\u00f1o<\/li>\n<\/ul>\n<p><!--more--><\/p>\n<h3><strong>TEE\/JEC\/137\/2018<\/strong><\/h3>\n<p><strong>Actor:<\/strong> Braulio C\u00e9sar Montes V\u00e1zquez, Olga Salmer\u00f3n Mendoza y otros <\/p>\n<p><strong>Autoridad responsable:<\/strong> Ayuntamiento Municipal de Acapulco de Ju\u00e1rez, Guerrero <\/p>\n<p><strong>Descarga:<\/strong> <a href=\"https:\/\/teegro.gob.mx\/inicio\/wp-content\/uploads\/2022\/12\/TEE-JEC-137-2018.pdf\">Descargar<\/a><\/p>\n<h3><strong>TEE\/JEC\/043\/2022<\/strong><\/h3>\n<p><strong>Actor:<\/strong> Claudia Mart\u00ednez S\u00e1nchez.<\/p>\n<p><strong>Autoridad responsable:<\/strong> Comisi\u00f3n de Justicia del Consejo Nacional del PAN<\/p>\n<p><strong>Descarga:<\/strong> <a href=\"https:\/\/teegro.gob.mx\/inicio\/wp-content\/uploads\/2022\/12\/TEE-JEC-043-2022.pdf\">Descargar<\/a><\/p>\n<h3><strong>TEE\/PES\/006\/2022<\/strong><\/h3>\n<p><strong>Denunciante:<\/strong> Raquel Garc\u00eda Ordu\u00f1o <\/p>\n<p><strong>Denunciado:<\/strong> Joel \u00c1ngel Romero y otras personas <\/p>\n<p><strong>Descarga:<\/strong> <a href=\"https:\/\/teegro.gob.mx\/inicio\/wp-content\/uploads\/2022\/12\/TEE-PES-006-2022.pdf\">Descargar<\/a><\/p>\n","protected":false},"excerpt":{"rendered":"<p>Orden del d\u00eda V\u00eddeo de la Sesi\u00f3n Contenido TEE\/JEC\/137\/2018 &#8211; Braulio C\u00e9sar Montes V\u00e1zquez, Olga Salmer\u00f3n Mendoza y otros TEE\/JEC\/043\/2022 &#8211; Claudia Mart\u00ednez S\u00e1nchez TEE\/PES\/006\/2022 &#8211; Raquel Garc\u00eda Ordu\u00f1o<\/p>\n","protected":false},"author":1,"featured_media":0,"comment_status":"open","ping_status":"open","sticky":false,"template":"","format":"standard","meta":{"_acf_changed":false,"footnotes":""},"categories":[210],"tags":[],"class_list":["post-10338","post","type-post","status-publish","format-standard","hentry","category-gaceta"],"acf":[],"_links":{"self":[{"href":"https:\/\/teegro.gob.mx\/sitio2025\/wp-json\/wp\/v2\/posts\/10338","targetHints":{"allow":["GET"]}}],"collection":[{"href":"https:\/\/teegro.gob.mx\/sitio2025\/wp-json\/wp\/v2\/posts"}],"about":[{"href":"https:\/\/teegro.gob.mx\/sitio2025\/wp-json\/wp\/v2\/types\/post"}],"author":[{"embeddable":true,"href":"https:\/\/teegro.gob.mx\/sitio2025\/wp-json\/wp\/v2\/users\/1"}],"replies":[{"embeddable":true,"href":"https:\/\/teegro.gob.mx\/sitio2025\/wp-json\/wp\/v2\/comments?post=10338"}],"version-history":[{"count":2,"href":"https:\/\/teegro.gob.mx\/sitio2025\/wp-json\/wp\/v2\/posts\/10338\/revisions"}],"predecessor-version":[{"id":10340,"href":"https:\/\/teegro.gob.mx\/sitio2025\/wp-json\/wp\/v2\/posts\/10338\/revisions\/10340"}],"wp:attachment":[{"href":"https:\/\/teegro.gob.mx\/sitio2025\/wp-json\/wp\/v2\/media?parent=10338"}],"wp:term":[{"taxonomy":"category","embeddable":true,"href":"https:\/\/teegro.gob.mx\/sitio2025\/wp-json\/wp\/v2\/categories?post=10338"},{"taxonomy":"post_tag","embeddable":true,"href":"https:\/\/teegro.gob.mx\/sitio2025\/wp-json\/wp\/v2\/tags?post=10338"}],"curies":[{"name":"wp","href":"https:\/\/api.w.org\/{rel}","templated":true}]}}