{"id":10341,"date":"2022-12-15T11:00:00","date_gmt":"2022-12-15T17:00:00","guid":{"rendered":"https:\/\/teegro.gob.mx\/inicio\/?p=10341"},"modified":"2023-05-15T23:45:42","modified_gmt":"2023-05-16T04:45:42","slug":"cuadragesima-segunda-sesion-publica-de-resolucion","status":"publish","type":"post","link":"https:\/\/teegro.gob.mx\/sitio2025\/cuadragesima-segunda-sesion-publica-de-resolucion\/","title":{"rendered":"Cuadrag\u00e9sima Segunda Sesi\u00f3n P\u00fablica de Resoluci\u00f3n"},"content":{"rendered":"<!-- VideographyWP Plugin Message: Automatic video embedding prevented by plugin options. -->\n\n<ul>\n<li><a href=\"https:\/\/teegro.gob.mx\/inicio\/wp-content\/uploads\/2022\/12\/Lista151222.pdf\">Orden del d\u00eda<\/a><\/li>\n<li><a href=\"https:\/\/youtu.be\/F52zt7JiE2I\">V\u00eddeo de la Sesi\u00f3n<\/a><\/li>\n<\/ul>\n<h3>Contenido<\/h3>\n<ul>\n<li>TEE\/RAP\/010\/2020 ACUERDO PLENARIO &#8211; Apoderado legal del PRD<\/li>\n<li>TEE\/JEC\/042\/2022 &#8211; Martha Adriana Torreblanca Mart\u00ednez<\/li>\n<li>TEE\/PES\/002\/2022 &#8211; Yaneth Guti\u00e9rrez Izazaga<\/li>\n<li>TEE\/JEC\/048\/2022 &#8211; Felicita Navarrete Neri<\/li>\n<li>TEE\/RAP\/007\/2022 &#8211; Representante del PT<\/li>\n<li>TEE\/JEL\/001\/2022 ACUERDO PLENARIO &#8211; Yenedith Barrientos Santiago<\/li>\n<\/ul>\n<p><!--more--><\/p>\n<h3><strong>TEE\/<\/strong>RAP\/010\/2020 ACUERDO PLENARIO<\/h3>\n<p><strong>Actor:<\/strong> Apoderado legal del PRD <\/p>\n<p><strong>Autoridad responsable:<\/strong> Coordinador de lo Contencioso Electoral del IEPCGro <\/p>\n<p><strong>Descarga:<\/strong> <a href=\"https:\/\/teegro.gob.mx\/inicio\/wp-content\/uploads\/2022\/12\/TEE-RAP-010-2020-Acuerdo.pdf\">Descargar<\/a><\/p>\n<h3><strong>TEE\/JEC\/042\/2022<\/strong><\/h3>\n<p><strong>Actor:<\/strong> Martha Adriana Torreblanca Mart\u00ednez <\/p>\n<p><strong>Autoridad responsable:<\/strong> Comisi\u00f3n de Justicia del PAN <\/p>\n<p><strong>Descarga:<\/strong> <a href=\"https:\/\/teegro.gob.mx\/inicio\/wp-content\/uploads\/2022\/12\/TEE-JEC-042-2022.pdf\">Descargar<\/a><\/p>\n<h3><strong>TEE\/PES\/002\/2022 <\/strong><\/h3>\n<p><strong>Denunciante:<\/strong> Yaneth Guti\u00e9rrez Izazaga <\/p>\n<p><strong>Denunciado:<\/strong> Crescencio Reyes Torres y Nubia Rodr\u00edguez Guido <\/p>\n<p><strong>Descarga:<\/strong> <a href=\"https:\/\/teegro.gob.mx\/inicio\/wp-content\/uploads\/2022\/12\/TEE-PES-002-2022-VP.pdf\">Descargar<\/a><\/p>\n<h3><strong>TEE\/JEC\/048\/2022<\/strong><\/h3>\n<p><strong>Actor:<\/strong> Felicita Navarrete Neri&nbsp;<\/p>\n<p><strong>Autoridad responsable:<\/strong> Coordinaci\u00f3n de lo Contencioso Electoral del IEPCGro<\/p>\n<p><strong>Descarga:<\/strong> <a href=\"https:\/\/teegro.gob.mx\/inicio\/wp-content\/uploads\/2022\/12\/TEE-JEC-048-2022.pdf\">Descargar<\/a><\/p>\n<h3><strong>TEE\/RAP\/007\/2022<\/strong><\/h3>\n<p><strong>Actor:<\/strong> Representante del PT&nbsp;<\/p>\n<p><strong>Autoridad responsable:<\/strong> Secretario Ejecutivo del IEPCGro<\/p>\n<p><strong>Descarga:<\/strong> <a href=\"https:\/\/teegro.gob.mx\/inicio\/wp-content\/uploads\/2022\/12\/TEE-RAP-007-2022.pdf\">Descargar<\/a><\/p>\n<h3><strong>TEE\/<\/strong>JEL\/001\/2022 ACUERDO PLENARIO<\/h3>\n<p><strong>Actor:<\/strong> Yenedith Barrientos Santiago<\/p>\n<p><strong>Autoridad responsable:<\/strong> Comit\u00e9 Directivo Estatal del PRD<\/p>\n<p><strong>Descarga:<\/strong> <a href=\"https:\/\/teegro.gob.mx\/inicio\/wp-content\/uploads\/2022\/12\/TEE-JEL-001-2022.pdf\">Descargar<\/a><\/p>\n","protected":false},"excerpt":{"rendered":"<p>Orden del d\u00eda V\u00eddeo de la Sesi\u00f3n Contenido TEE\/RAP\/010\/2020 ACUERDO PLENARIO &#8211; Apoderado legal del PRD TEE\/JEC\/042\/2022 &#8211; Martha Adriana Torreblanca Mart\u00ednez TEE\/PES\/002\/2022 &#8211; Yaneth Guti\u00e9rrez Izazaga TEE\/JEC\/048\/2022 &#8211; Felicita Navarrete Neri TEE\/RAP\/007\/2022 &#8211; Representante del PT TEE\/JEL\/001\/2022 ACUERDO PLENARIO &#8211; Yenedith Barrientos Santiago<\/p>\n","protected":false},"author":1,"featured_media":0,"comment_status":"open","ping_status":"open","sticky":false,"template":"","format":"standard","meta":{"_acf_changed":false,"footnotes":""},"categories":[210],"tags":[],"class_list":["post-10341","post","type-post","status-publish","format-standard","hentry","category-gaceta"],"acf":[],"_links":{"self":[{"href":"https:\/\/teegro.gob.mx\/sitio2025\/wp-json\/wp\/v2\/posts\/10341","targetHints":{"allow":["GET"]}}],"collection":[{"href":"https:\/\/teegro.gob.mx\/sitio2025\/wp-json\/wp\/v2\/posts"}],"about":[{"href":"https:\/\/teegro.gob.mx\/sitio2025\/wp-json\/wp\/v2\/types\/post"}],"author":[{"embeddable":true,"href":"https:\/\/teegro.gob.mx\/sitio2025\/wp-json\/wp\/v2\/users\/1"}],"replies":[{"embeddable":true,"href":"https:\/\/teegro.gob.mx\/sitio2025\/wp-json\/wp\/v2\/comments?post=10341"}],"version-history":[{"count":4,"href":"https:\/\/teegro.gob.mx\/sitio2025\/wp-json\/wp\/v2\/posts\/10341\/revisions"}],"predecessor-version":[{"id":10345,"href":"https:\/\/teegro.gob.mx\/sitio2025\/wp-json\/wp\/v2\/posts\/10341\/revisions\/10345"}],"wp:attachment":[{"href":"https:\/\/teegro.gob.mx\/sitio2025\/wp-json\/wp\/v2\/media?parent=10341"}],"wp:term":[{"taxonomy":"category","embeddable":true,"href":"https:\/\/teegro.gob.mx\/sitio2025\/wp-json\/wp\/v2\/categories?post=10341"},{"taxonomy":"post_tag","embeddable":true,"href":"https:\/\/teegro.gob.mx\/sitio2025\/wp-json\/wp\/v2\/tags?post=10341"}],"curies":[{"name":"wp","href":"https:\/\/api.w.org\/{rel}","templated":true}]}}