{"id":10353,"date":"2023-05-17T15:42:20","date_gmt":"2023-05-17T20:42:20","guid":{"rendered":"https:\/\/teegro.gob.mx\/inicio\/?p=10353"},"modified":"2023-05-18T17:20:11","modified_gmt":"2023-05-18T22:20:11","slug":"decima-primera-sesion-publica-de-resolucion-2","status":"publish","type":"post","link":"https:\/\/teegro.gob.mx\/sitio2025\/decima-primera-sesion-publica-de-resolucion-2\/","title":{"rendered":"D\u00e9cima Primera Sesi\u00f3n P\u00fablica de Resoluci\u00f3n"},"content":{"rendered":"<!-- VideographyWP Plugin Message: Automatic video embedding prevented by plugin options. -->\n\n<ul>\n<li><a href=\"https:\/\/teegro.gob.mx\/inicio\/wp-content\/uploads\/2023\/05\/Lista180523.pdf\">Orden del d\u00eda<\/a><\/li>\n<li><a href=\"https:\/\/youtu.be\/TGjtyrX6MaE\">V\u00eddeo de la Sesi\u00f3n<\/a><\/li>\n<\/ul>\n<h3>Contenido<\/h3>\n<ul>\n<li>TEE\/JEC\/018\/2023 Acuerdo Plenario &#8211; Graciela Ortiz Flores y otras<\/li>\n<li>TEE\/JEC\/020\/2023 Acuerdo Plenario &#8211; Bruno Calixto R\u00edos Diaz<\/li>\n<li>TEE\/AG\/001\/2023 &#8211; Dato Protegido<\/li>\n<li>TEE\/PES\/001\/2023 &#8211; Yaneth Guti\u00e9rrez Izazaga<\/li>\n<li>TEE\/JEC\/013\/2020 &#8211; Claudia Nava Acevedo y otros<\/li>\n<li>TEE\/JEC\/013\/2023 y TEE\/JEC\/021\/2023 acumulados &#8211; Rosal\u00eda Alberto Rosas y otra<\/li>\n<li>TEE\/RAP\/002\/2023 &#8211; Manuel Alberto Saavedra Ch\u00e1vez<\/li>\n<li>TEE\/RAP\/003\/2023 &#8211; Manuel Alberto Saavedra Ch\u00e1vez<\/li>\n<\/ul>\n<p><!--more--><\/p>\n<h2><strong>TEE\/<\/strong>JEC\/018\/2023 Acuerdo Plenario<\/h2>\n<p><strong>Actor:<\/strong> Graciela Ortiz Flores y otras<\/p>\n<p><strong>Autoridad responsable:<\/strong> Comisi\u00f3n Nacional de Honestidad y Justicia de Morena<\/p>\n<p><strong>Descarga:<\/strong> <a href=\"https:\/\/teegro.gob.mx\/inicio\/wp-content\/uploads\/2023\/05\/TEE-JEC-018-2023-Acuerdo.pdf\">Descarga<\/a><\/p>\n<h3><strong>TEE\/<\/strong>JEC\/020\/2023 Acuerdo Plenario<\/h3>\n<p><strong>Actor:<\/strong> Bruno Calixto R\u00edos Diaz<\/p>\n<p><strong>Autoridad responsable:<\/strong> Comisi\u00f3n de Justicia del Consejo Nacional del PAN<\/p>\n<p><strong>Descarga:<\/strong> <a href=\"https:\/\/teegro.gob.mx\/inicio\/wp-content\/uploads\/2023\/05\/TEE-JEC-020-2023-Acuerdo.pdf\">Descarga<\/a><\/p>\n<h3><strong>TEE\/AG\/001\/2023<\/strong><\/h3>\n<p><strong>Actor:<\/strong> Dato Protegido<\/p>\n<p><strong>Autoridad responsable:<\/strong> Instituto Electoral y de Participaci\u00f3n Ciudadana del Estado de Guerrero<\/p>\n<p><strong>Descarga:<\/strong> <a href=\"https:\/\/teegro.gob.mx\/inicio\/wp-content\/uploads\/2023\/05\/TEE-AG-001-2023-VP.pdf\">Descarga<\/a><\/p>\n<h3><strong>TEE\/PES\/001\/2023<\/strong><\/h3>\n<p><strong>Denunciante:<\/strong> Yaneth Guti\u00e9rrez Izazaga&nbsp;<\/p>\n<p><strong>Denunciado:<\/strong> Crescencio Reyes Torres y otros del Ayuntamiento de la Uni\u00f3n de Isidoro Montes de Oca, Guerrero<\/p>\n<p><strong>Descarga:<\/strong> <a href=\"https:\/\/teegro.gob.mx\/inicio\/wp-content\/uploads\/2023\/05\/TEE-PES-001-2023.pdf\">Descarga<\/a><\/p>\n<h3><strong>TEE\/JEC\/013\/2020<\/strong><\/h3>\n<p><strong>Actor:<\/strong> Claudia Nava Acevedo y otros<\/p>\n<p><strong>Autoridad responsable:<\/strong> Ayuntamiento de Florencio Villareal, Guerrero<\/p>\n<p><strong>Descarga:<\/strong> <a href=\"https:\/\/teegro.gob.mx\/inicio\/wp-content\/uploads\/2023\/05\/TEE-JEC-013-2020.pdf\">Descarga<\/a><\/p>\n<h3><strong>TEE\/<\/strong>JEC\/013\/2023 y TEE\/JEC\/021\/2023 acumulados<\/h3>\n<p><strong>Actor:<\/strong> Rosal\u00eda Alberto Rosas y otra<\/p>\n<p><strong>Autoridad responsable:<\/strong> Ayuntamiento de San Luis Acatl\u00e1n, Guerrero<\/p>\n<p><strong>Descarga:<\/strong> <a href=\"https:\/\/teegro.gob.mx\/inicio\/wp-content\/uploads\/2023\/05\/TEE-JEC-013-2023-y-acumulado.pdf\">Descarga<\/a><\/p>\n<h3><strong>TEE\/RAP\/002\/2023<\/strong><\/h3>\n<p><strong>Actor:<\/strong> Manuel Alberto Saavedra Ch\u00e1vez&nbsp;<\/p>\n<p><strong>Autoridad responsable:<\/strong> Instituto Electoral y de Participaci\u00f3n Ciudadana del Estado de Guerrero<\/p>\n<p><strong>Descarga:<\/strong> <a href=\"https:\/\/teegro.gob.mx\/inicio\/wp-content\/uploads\/2023\/05\/TEE-RAP-002-2023.pdf\">Descarga<\/a><\/p>\n<h3><strong>TEE\/RAP\/003\/2023<\/strong><\/h3>\n<p><strong>Actor:<\/strong> Manuel Alberto Saavedra Ch\u00e1vez&nbsp;<\/p>\n<p><strong>Autoridad responsable:<\/strong> Instituto Electoral y de Participaci\u00f3n Ciudadana del Estado de Guerrero<\/p>\n<p><strong>Descarga:<\/strong> <a href=\"https:\/\/teegro.gob.mx\/inicio\/wp-content\/uploads\/2023\/05\/TEE-RAP-003-2023.pdf\">Descarga<\/a><\/p>\n","protected":false},"excerpt":{"rendered":"<p>Orden del d\u00eda V\u00eddeo de la Sesi\u00f3n Contenido TEE\/JEC\/018\/2023 Acuerdo Plenario &#8211; Graciela Ortiz Flores y otras TEE\/JEC\/020\/2023 Acuerdo Plenario &#8211; Bruno Calixto R\u00edos Diaz TEE\/AG\/001\/2023 &#8211; Dato Protegido TEE\/PES\/001\/2023 &#8211; Yaneth Guti\u00e9rrez Izazaga TEE\/JEC\/013\/2020 &#8211; Claudia Nava Acevedo y otros TEE\/JEC\/013\/2023 y TEE\/JEC\/021\/2023 acumulados &#8211; Rosal\u00eda Alberto Rosas y otra TEE\/RAP\/002\/2023 &#8211; Manuel Alberto [&hellip;]<\/p>\n","protected":false},"author":1,"featured_media":0,"comment_status":"open","ping_status":"open","sticky":false,"template":"","format":"standard","meta":{"_acf_changed":false,"footnotes":""},"categories":[210],"tags":[],"class_list":["post-10353","post","type-post","status-publish","format-standard","hentry","category-gaceta"],"acf":[],"_links":{"self":[{"href":"https:\/\/teegro.gob.mx\/sitio2025\/wp-json\/wp\/v2\/posts\/10353","targetHints":{"allow":["GET"]}}],"collection":[{"href":"https:\/\/teegro.gob.mx\/sitio2025\/wp-json\/wp\/v2\/posts"}],"about":[{"href":"https:\/\/teegro.gob.mx\/sitio2025\/wp-json\/wp\/v2\/types\/post"}],"author":[{"embeddable":true,"href":"https:\/\/teegro.gob.mx\/sitio2025\/wp-json\/wp\/v2\/users\/1"}],"replies":[{"embeddable":true,"href":"https:\/\/teegro.gob.mx\/sitio2025\/wp-json\/wp\/v2\/comments?post=10353"}],"version-history":[{"count":9,"href":"https:\/\/teegro.gob.mx\/sitio2025\/wp-json\/wp\/v2\/posts\/10353\/revisions"}],"predecessor-version":[{"id":10378,"href":"https:\/\/teegro.gob.mx\/sitio2025\/wp-json\/wp\/v2\/posts\/10353\/revisions\/10378"}],"wp:attachment":[{"href":"https:\/\/teegro.gob.mx\/sitio2025\/wp-json\/wp\/v2\/media?parent=10353"}],"wp:term":[{"taxonomy":"category","embeddable":true,"href":"https:\/\/teegro.gob.mx\/sitio2025\/wp-json\/wp\/v2\/categories?post=10353"},{"taxonomy":"post_tag","embeddable":true,"href":"https:\/\/teegro.gob.mx\/sitio2025\/wp-json\/wp\/v2\/tags?post=10353"}],"curies":[{"name":"wp","href":"https:\/\/api.w.org\/{rel}","templated":true}]}}