{"id":10461,"date":"2021-01-12T11:00:00","date_gmt":"2021-01-12T17:00:00","guid":{"rendered":"https:\/\/teegro.gob.mx\/inicio\/?p=10461"},"modified":"2023-05-22T15:33:24","modified_gmt":"2023-05-22T20:33:24","slug":"tercera-sesion-publica-de-resolucion-3","status":"publish","type":"post","link":"https:\/\/teegro.gob.mx\/sitio2025\/tercera-sesion-publica-de-resolucion-3\/","title":{"rendered":"Tercera Sesi\u00f3n P\u00fablica de Resoluci\u00f3n"},"content":{"rendered":"<!-- VideographyWP Plugin Message: Automatic video embedding prevented by plugin options. -->\n\n<ul>\n<li><a href=\"https:\/\/teegro.gob.mx\/inicio\/wp-content\/uploads\/2021\/01\/Lista12012021.pdf\">Orden del d\u00eda<\/a><\/li>\n<li><a href=\"https:\/\/youtu.be\/UyPV9oMDEXg\">V\u00eddeo de la Sesi\u00f3n<\/a><\/li>\n<\/ul>\n<h3>Contenido<\/h3>\n<ul>\n<li>TEE\/JEC\/014\/2020 Acuerdo plenario &#8211; Marcos Efr\u00e9n Parra Moronatti<\/li>\n<li>TEE\/JEC\/005\/2021 Acuerdo plenario &#8211; Juan Loza Sol\u00eds y Kevin Alejandro S\u00e1nchez Garc\u00eda<\/li>\n<li>TEE\/JEC\/006\/2021 Acuerdo plenario &#8211; Francisco Javier Valladares Quijano<\/li>\n<li>TEE\/LCT\/012\/2020 Acuerdo plenario &#8211; Jos\u00e9 Emmanuel Salazar Ibarra<\/li>\n<\/ul>\n<h2><!--more--><\/h2>\n<h3><strong>TEE\/<\/strong>JEC\/014\/2020 Acuerdo plenario<\/h3>\n<p><strong>Actor:<\/strong> Marcos Efr\u00e9n Parra Moronatti <\/p>\n<p><strong>Autoridad responsable:<\/strong> Comisi\u00f3n de Justicia del Consejo Nacional del Partido Acci\u00f3n Nacional&nbsp; <\/p>\n<p><strong>Descarga:<\/strong> <a href=\"https:\/\/teegro.gob.mx\/inicio\/wp-content\/uploads\/2021\/01\/TEE-JEC-014-2020.pdf\">Descarga<\/a><\/p>\n<h3><strong>TEE\/<\/strong>JEC\/005\/2021 Acuerdo plenario<\/h3>\n<p><strong>Actor:<\/strong> Juan Loza Sol\u00eds y Kevin Alejandro S\u00e1nchez Garc\u00eda<\/p>\n<p><strong>Autoridad responsable:<\/strong> Consejo Distrital Electoral 22, del IEPCGRO<\/p>\n<p><strong>Descarga:<\/strong> <a href=\"https:\/\/teegro.gob.mx\/inicio\/wp-content\/uploads\/2021\/01\/TEE-JEC-005-2021.pdf\">Descarga<\/a><\/p>\n<h3><strong>TEE\/<\/strong>JEC\/006\/2021 Acuerdo plenario<\/h3>\n<p><strong>Actor:<\/strong> Francisco Javier Valladares Quijano<\/p>\n<p><strong>Autoridad responsable:<\/strong> Consejo Distrital Electoral 23, del IEPCGRO<\/p>\n<p><strong>Descarga:<\/strong> <a href=\"https:\/\/teegro.gob.mx\/inicio\/wp-content\/uploads\/2021\/01\/TEE-JEC-006-2021.pdf\">Descarga<\/a><\/p>\n<h3><strong>TEE\/<\/strong>LCT\/012\/2020 Acuerdo plenario<\/h3>\n<p><strong>Actor:<\/strong> Jos\u00e9 Emmanuel Salazar Ibarra<\/p>\n<p><strong>Autoridad responsable:<\/strong> Tribunal Electoral del Estado de Guerrero<\/p>\n","protected":false},"excerpt":{"rendered":"<p>Orden del d\u00eda V\u00eddeo de la Sesi\u00f3n Contenido TEE\/JEC\/014\/2020 Acuerdo plenario &#8211; Marcos Efr\u00e9n Parra Moronatti TEE\/JEC\/005\/2021 Acuerdo plenario &#8211; Juan Loza Sol\u00eds y Kevin Alejandro S\u00e1nchez Garc\u00eda TEE\/JEC\/006\/2021 Acuerdo plenario &#8211; Francisco Javier Valladares Quijano TEE\/LCT\/012\/2020 Acuerdo plenario &#8211; Jos\u00e9 Emmanuel Salazar Ibarra<\/p>\n","protected":false},"author":1,"featured_media":0,"comment_status":"open","ping_status":"open","sticky":false,"template":"","format":"standard","meta":{"_acf_changed":false,"footnotes":""},"categories":[210],"tags":[],"class_list":["post-10461","post","type-post","status-publish","format-standard","hentry","category-gaceta"],"acf":[],"_links":{"self":[{"href":"https:\/\/teegro.gob.mx\/sitio2025\/wp-json\/wp\/v2\/posts\/10461","targetHints":{"allow":["GET"]}}],"collection":[{"href":"https:\/\/teegro.gob.mx\/sitio2025\/wp-json\/wp\/v2\/posts"}],"about":[{"href":"https:\/\/teegro.gob.mx\/sitio2025\/wp-json\/wp\/v2\/types\/post"}],"author":[{"embeddable":true,"href":"https:\/\/teegro.gob.mx\/sitio2025\/wp-json\/wp\/v2\/users\/1"}],"replies":[{"embeddable":true,"href":"https:\/\/teegro.gob.mx\/sitio2025\/wp-json\/wp\/v2\/comments?post=10461"}],"version-history":[{"count":3,"href":"https:\/\/teegro.gob.mx\/sitio2025\/wp-json\/wp\/v2\/posts\/10461\/revisions"}],"predecessor-version":[{"id":10465,"href":"https:\/\/teegro.gob.mx\/sitio2025\/wp-json\/wp\/v2\/posts\/10461\/revisions\/10465"}],"wp:attachment":[{"href":"https:\/\/teegro.gob.mx\/sitio2025\/wp-json\/wp\/v2\/media?parent=10461"}],"wp:term":[{"taxonomy":"category","embeddable":true,"href":"https:\/\/teegro.gob.mx\/sitio2025\/wp-json\/wp\/v2\/categories?post=10461"},{"taxonomy":"post_tag","embeddable":true,"href":"https:\/\/teegro.gob.mx\/sitio2025\/wp-json\/wp\/v2\/tags?post=10461"}],"curies":[{"name":"wp","href":"https:\/\/api.w.org\/{rel}","templated":true}]}}