{"id":10462,"date":"2021-01-14T11:00:00","date_gmt":"2021-01-14T17:00:00","guid":{"rendered":"https:\/\/teegro.gob.mx\/inicio\/?p=10462"},"modified":"2023-05-22T15:45:40","modified_gmt":"2023-05-22T20:45:40","slug":"cuarta-sesion-publica-de-resolucion-3","status":"publish","type":"post","link":"https:\/\/teegro.gob.mx\/sitio2025\/cuarta-sesion-publica-de-resolucion-3\/","title":{"rendered":"Cuarta Sesi\u00f3n P\u00fablica de Resoluci\u00f3n"},"content":{"rendered":"<!-- VideographyWP Plugin Message: Automatic video embedding prevented by plugin options. -->\n\n<ul>\n<li><a href=\"https:\/\/teegro.gob.mx\/inicio\/wp-content\/uploads\/2021\/01\/Lista14012021.pdf\">Orden del d\u00eda<\/a><\/li>\n<li><a href=\"https:\/\/youtu.be\/O_VhD6hH4uU\">V\u00eddeo de la Sesi\u00f3n<\/a><\/li>\n<\/ul>\n<h3>Contenido<\/h3>\n<ul>\n<li>TEE\/JEC\/004\/2021 Acuerdo plenario &#8211; Juan Carlos Far\u00edas Ch\u00e1ve<\/li>\n<li>TEE\/JEC\/065\/2020, TEE\/JEC\/002\/2021 y TEE\/JEC\/003\/2021 Acumulados Acuerdo plenario &#8211; Francisco Javier Valladares Quijano y otros<\/li>\n<li>TEE\/JEC\/062\/2020 y TEE\/JEC\/063\/2020 Acumulados &#8211; Erasmo Salvador Carrillo y otro<\/li>\n<li>TEE\/JEL\/002\/2021 &#8211; Francisco Javier Valladares Quijano<\/li>\n<\/ul>\n<h2><!--more--><\/h2>\n<h3><strong>TEE\/<\/strong>JEC\/004\/2021 Acuerdo plenario<\/h3>\n<p><strong>Actor:<\/strong> Juan Carlos Far\u00edas Ch\u00e1vez&nbsp;<\/p>\n<p><strong>Autoridad responsable:<\/strong> Consejo General y Consejo Distrital Electoral 11 del IEPCGRO<\/p>\n<p><strong>Descarga:<\/strong> <a href=\"https:\/\/teegro.gob.mx\/inicio\/wp-content\/uploads\/2021\/01\/TEE-JEC-004-2021.pdf\">Descarga<\/a><\/p>\n<h3><strong>TEE\/<\/strong>JEC\/065\/2020, TEE\/JEC\/002\/2021 y TEE\/JEC\/003\/2021 Acumulados Acuerdo plenario<\/h3>\n<p><strong>Actor:<\/strong> Francisco Javier Valladares Quijano y otros&nbsp;<\/p>\n<p><strong>Autoridad responsable:<\/strong> Consejo General del IEPCGRO<\/p>\n<p><strong>Descarga:<\/strong> <a href=\"https:\/\/teegro.gob.mx\/inicio\/wp-content\/uploads\/2021\/01\/TEE-JEC-065-2020-y-acumulados.pdf\">Descarga<\/a><\/p>\n<h3><strong>TEE\/<\/strong>JEC\/062\/2020 y TEE\/JEC\/063\/2020 Acumulados<\/h3>\n<p><strong>Actor:<\/strong> Erasmo Salvador Carrillo y otro<\/p>\n<p><strong>Autoridad responsable:<\/strong> Consejo General y Consejo Distrital Electoral 26, del IEPCGRO<\/p>\n<p><strong>Descarga:<\/strong> <a href=\"https:\/\/teegro.gob.mx\/inicio\/wp-content\/uploads\/2021\/01\/TEE-JEC-062-2020-Y-TEE-JEC-063-2020-ACUMULADOS.pdf\">Descarga<\/a><\/p>\n<h3><strong>TEE\/JEL\/002\/2021<\/strong><\/h3>\n<p><strong>Actor:<\/strong> Francisco Javier Valladares Quijano<\/p>\n<p><strong>Autoridad responsable:<\/strong> Consejo Distrital Electoral 23, del IEPCGRO<\/p>\n<p><strong>Descarga:<\/strong> Retirado<\/p>\n","protected":false},"excerpt":{"rendered":"<p>Orden del d\u00eda V\u00eddeo de la Sesi\u00f3n Contenido TEE\/JEC\/004\/2021 Acuerdo plenario &#8211; Juan Carlos Far\u00edas Ch\u00e1ve TEE\/JEC\/065\/2020, TEE\/JEC\/002\/2021 y TEE\/JEC\/003\/2021 Acumulados Acuerdo plenario &#8211; Francisco Javier Valladares Quijano y otros TEE\/JEC\/062\/2020 y TEE\/JEC\/063\/2020 Acumulados &#8211; Erasmo Salvador Carrillo y otro TEE\/JEL\/002\/2021 &#8211; Francisco Javier Valladares Quijano<\/p>\n","protected":false},"author":1,"featured_media":0,"comment_status":"open","ping_status":"open","sticky":false,"template":"","format":"standard","meta":{"_acf_changed":false,"footnotes":""},"categories":[210],"tags":[],"class_list":["post-10462","post","type-post","status-publish","format-standard","hentry","category-gaceta"],"acf":[],"_links":{"self":[{"href":"https:\/\/teegro.gob.mx\/sitio2025\/wp-json\/wp\/v2\/posts\/10462","targetHints":{"allow":["GET"]}}],"collection":[{"href":"https:\/\/teegro.gob.mx\/sitio2025\/wp-json\/wp\/v2\/posts"}],"about":[{"href":"https:\/\/teegro.gob.mx\/sitio2025\/wp-json\/wp\/v2\/types\/post"}],"author":[{"embeddable":true,"href":"https:\/\/teegro.gob.mx\/sitio2025\/wp-json\/wp\/v2\/users\/1"}],"replies":[{"embeddable":true,"href":"https:\/\/teegro.gob.mx\/sitio2025\/wp-json\/wp\/v2\/comments?post=10462"}],"version-history":[{"count":6,"href":"https:\/\/teegro.gob.mx\/sitio2025\/wp-json\/wp\/v2\/posts\/10462\/revisions"}],"predecessor-version":[{"id":10472,"href":"https:\/\/teegro.gob.mx\/sitio2025\/wp-json\/wp\/v2\/posts\/10462\/revisions\/10472"}],"wp:attachment":[{"href":"https:\/\/teegro.gob.mx\/sitio2025\/wp-json\/wp\/v2\/media?parent=10462"}],"wp:term":[{"taxonomy":"category","embeddable":true,"href":"https:\/\/teegro.gob.mx\/sitio2025\/wp-json\/wp\/v2\/categories?post=10462"},{"taxonomy":"post_tag","embeddable":true,"href":"https:\/\/teegro.gob.mx\/sitio2025\/wp-json\/wp\/v2\/tags?post=10462"}],"curies":[{"name":"wp","href":"https:\/\/api.w.org\/{rel}","templated":true}]}}