{"id":10466,"date":"2021-01-19T11:00:09","date_gmt":"2021-01-19T17:00:09","guid":{"rendered":"https:\/\/teegro.gob.mx\/inicio\/?p=10466"},"modified":"2023-05-22T16:08:07","modified_gmt":"2023-05-22T21:08:07","slug":"quinta-sesion-publica-de-resolucion-3","status":"publish","type":"post","link":"https:\/\/teegro.gob.mx\/sitio2025\/quinta-sesion-publica-de-resolucion-3\/","title":{"rendered":"Quinta Sesi\u00f3n P\u00fablica de Resoluci\u00f3n"},"content":{"rendered":"<!-- VideographyWP Plugin Message: Automatic video embedding prevented by plugin options. -->\n\n<ul>\n<li><a href=\"https:\/\/teegro.gob.mx\/inicio\/wp-content\/uploads\/2021\/01\/Lista19012021_2.pdf\">Orden del d\u00eda<\/a><\/li>\n<li><a href=\"https:\/\/youtu.be\/xLSPNj0Q8sM\">V\u00eddeo de la Sesi\u00f3n<\/a><\/li>\n<\/ul>\n<h3>Contenido<\/h3>\n<ul>\n<li>TEE\/JEC\/007\/2021 Acuerdo plenario &#8211; H\u00e9ctor Manuel Popoca Boone<\/li>\n<li>TEE\/JEL\/004\/2021 &#8211; Francisco Javier Valladares Quijano, Juan Loza Sol\u00eds, Kevin Alejandro S\u00e1nchez Garc\u00eda, Abel Garc\u00eda Lara y Daniel Alejandro Vel\u00e1zquez V\u00e1zquez<\/li>\n<li>TEE\/RAP\/001\/2021 &#8211;&nbsp; Carlos Alberto Robles D\u00e1valos, representante del Partido Pol\u00edtico MORENA, ante el CDE 02, del IEPCGRO <\/li>\n<li>TEE\/JEC\/008\/2021 &#8211; Claudia Lobato M\u00e9ndez y Lizzeth G\u00f3mez Bautista<\/li>\n<li>TEE\/JEL\/003\/2021 &#8211; Juan Carlos Far\u00edas Ch\u00e1vez<\/li>\n<li>TEE\/JEL\/002\/2021 &#8211; Francisco Javier Valladares Quijano<\/li>\n<\/ul>\n<h2><!--more--><\/h2>\n<h3><strong>TEE\/<\/strong>JEC\/007\/2021 Acuerdo plenario<\/h3>\n<p><strong>Actor:<\/strong> H\u00e9ctor Manuel Popoca Boone<\/p>\n<p><strong>Autoridad responsable:<\/strong> Consejo General del IEPCGRO<\/p>\n<p><strong>Descarga:<\/strong> <a href=\"https:\/\/teegro.gob.mx\/inicio\/wp-content\/uploads\/2021\/01\/TEE-JEC-007-2021-1.pdf\">Descarga<\/a><\/p>\n<h3><strong>TEE\/JEL\/004\/2021<\/strong><\/h3>\n<p><strong>Actor:<\/strong> Francisco Javier Valladares Quijano, Juan Loza Sol\u00eds, Kevin Alejandro S\u00e1nchez Garc\u00eda, Abel Garc\u00eda Lara y Daniel Alejandro Vel\u00e1zquez V\u00e1zquez&nbsp; <\/p>\n<p><strong>Autoridad responsable:<\/strong> Consejo General del IEPCGRO <\/p>\n<p><strong>Descarga:<\/strong> <a href=\"https:\/\/teegro.gob.mx\/inicio\/wp-content\/uploads\/2021\/01\/TEE-JEL-004-2021.pdf\">Descarga<\/a><\/p>\n<h3><strong>TEE\/RAP\/001\/2021&nbsp;<\/strong><\/h3>\n<p><strong>Actor:<\/strong> Carlos Alberto Robles D\u00e1valos y otro<\/p>\n<p><strong>Autoridad responsable:<\/strong> Carlos Alberto Robles D\u00e1valos, representante del Partido Pol\u00edtico MORENA, ante el CDE 02, del IEPCGRO <\/p>\n<p><strong>Descarga:<\/strong> <a href=\"https:\/\/teegro.gob.mx\/inicio\/wp-content\/uploads\/2021\/01\/TEE-RAP-001-2021.pdf\">Descarga<\/a><\/p>\n<h3><strong>TEE\/JEC\/008\/2021<\/strong><\/h3>\n<p><strong>Actor:<\/strong> Claudia Lobato M\u00e9ndez y Lizzeth G\u00f3mez Bautista<\/p>\n<p><strong>Autoridad responsable:<\/strong> Comisi\u00f3n Nacional de Justicia Intrapartidaria del Partido Movimiento Ciudadano<\/p>\n<p><strong>Descarga:<\/strong> <a href=\"https:\/\/teegro.gob.mx\/inicio\/wp-content\/uploads\/2021\/01\/TEE-JEC-008-2021-.pdf\">Descarga<\/a><\/p>\n<h3><strong>TEE\/JEL\/003\/2021<\/strong><\/h3>\n<p><strong>Actor:<\/strong> Juan Carlos Far\u00edas Ch\u00e1vez<\/p>\n<p><strong>Autoridad responsable:<\/strong> Consejo General y Consejo Distrital Electoral 11, del IEPCGRO<\/p>\n<p><strong>Descarga:<\/strong> <a href=\"https:\/\/teegro.gob.mx\/inicio\/wp-content\/uploads\/2021\/01\/TEE-JEL-003-2021-.pdf\">Descarga<\/a><\/p>\n<h3><strong>TEE\/JEL\/002\/2021<\/strong><\/h3>\n<p><strong>Actor:<\/strong> Francisco Javier Valladares Quijano&nbsp;<\/p>\n<p><strong>Autoridad responsable:<\/strong> Consejo Distrital Electoral 23, del IEPCGRO<\/p>\n<p><strong>Descarga:<\/strong> <a href=\"https:\/\/teegro.gob.mx\/inicio\/wp-content\/uploads\/2021\/01\/TEE-JEL-002-2021.pdf\">Descarga<\/a><\/p>\n","protected":false},"excerpt":{"rendered":"<p>Orden del d\u00eda V\u00eddeo de la Sesi\u00f3n Contenido TEE\/JEC\/007\/2021 Acuerdo plenario &#8211; H\u00e9ctor Manuel Popoca Boone TEE\/JEL\/004\/2021 &#8211; Francisco Javier Valladares Quijano, Juan Loza Sol\u00eds, Kevin Alejandro S\u00e1nchez Garc\u00eda, Abel Garc\u00eda Lara y Daniel Alejandro Vel\u00e1zquez V\u00e1zquez TEE\/RAP\/001\/2021 &#8211;&nbsp; Carlos Alberto Robles D\u00e1valos, representante del Partido Pol\u00edtico MORENA, ante el CDE 02, del IEPCGRO TEE\/JEC\/008\/2021 [&hellip;]<\/p>\n","protected":false},"author":1,"featured_media":0,"comment_status":"open","ping_status":"open","sticky":false,"template":"","format":"standard","meta":{"_acf_changed":false,"footnotes":""},"categories":[210],"tags":[],"class_list":["post-10466","post","type-post","status-publish","format-standard","hentry","category-gaceta"],"acf":[],"_links":{"self":[{"href":"https:\/\/teegro.gob.mx\/sitio2025\/wp-json\/wp\/v2\/posts\/10466","targetHints":{"allow":["GET"]}}],"collection":[{"href":"https:\/\/teegro.gob.mx\/sitio2025\/wp-json\/wp\/v2\/posts"}],"about":[{"href":"https:\/\/teegro.gob.mx\/sitio2025\/wp-json\/wp\/v2\/types\/post"}],"author":[{"embeddable":true,"href":"https:\/\/teegro.gob.mx\/sitio2025\/wp-json\/wp\/v2\/users\/1"}],"replies":[{"embeddable":true,"href":"https:\/\/teegro.gob.mx\/sitio2025\/wp-json\/wp\/v2\/comments?post=10466"}],"version-history":[{"count":9,"href":"https:\/\/teegro.gob.mx\/sitio2025\/wp-json\/wp\/v2\/posts\/10466\/revisions"}],"predecessor-version":[{"id":10482,"href":"https:\/\/teegro.gob.mx\/sitio2025\/wp-json\/wp\/v2\/posts\/10466\/revisions\/10482"}],"wp:attachment":[{"href":"https:\/\/teegro.gob.mx\/sitio2025\/wp-json\/wp\/v2\/media?parent=10466"}],"wp:term":[{"taxonomy":"category","embeddable":true,"href":"https:\/\/teegro.gob.mx\/sitio2025\/wp-json\/wp\/v2\/categories?post=10466"},{"taxonomy":"post_tag","embeddable":true,"href":"https:\/\/teegro.gob.mx\/sitio2025\/wp-json\/wp\/v2\/tags?post=10466"}],"curies":[{"name":"wp","href":"https:\/\/api.w.org\/{rel}","templated":true}]}}