{"id":10490,"date":"2021-02-04T11:00:00","date_gmt":"2021-02-04T17:00:00","guid":{"rendered":"https:\/\/teegro.gob.mx\/inicio\/?p=10490"},"modified":"2023-05-23T11:36:10","modified_gmt":"2023-05-23T16:36:10","slug":"octava-sesion-publica-de-resolucion-3","status":"publish","type":"post","link":"https:\/\/teegro.gob.mx\/sitio2025\/octava-sesion-publica-de-resolucion-3\/","title":{"rendered":"Octava Sesi\u00f3n P\u00fablica de Resoluci\u00f3n"},"content":{"rendered":"<!-- VideographyWP Plugin Message: Automatic video embedding prevented by plugin options. -->\n\n<ul>\n<li><a href=\"https:\/\/teegro.gob.mx\/inicio\/wp-content\/uploads\/2021\/02\/LISTA04022021.pdf\">Orden del d\u00eda<\/a><\/li>\n<li><a href=\"https:\/\/youtu.be\/iGZapoEOKLI\">V\u00eddeo de la Sesi\u00f3n<\/a><\/li>\n<\/ul>\n<h3>Contenido<\/h3>\n<ul>\n<li>TEE\/JEC\/008\/2021 Acuerdo plenario &#8211; Claudia Lobato M\u00e9ndez y Lizeth G\u00f3mez Bautista<\/li>\n<li>TEE\/JEC\/014\/2020 Acuerdo plenario &#8211; Marcos Efr\u00e9n Parra Moronaatti<\/li>\n<li>TEE\/JEC\/009\/2021 &#8211; \u00c1ngel Basurto Ortega<\/li>\n<li>TEE\/JEC\/066\/2020 &#8211; Isidro Remigio Cant\u00fa, Coordinador de etnia M\u00e9 Phaa del Concejo Municipal Comunitario de Ayutla de los Libres, Guerrero.<\/li>\n<\/ul>\n<h2><!--more--><\/h2>\n<h3><strong>TEE\/JEC\/008\/2021 Acuerdo plenario<\/strong><\/h3>\n<p><strong>Actor:<\/strong> Claudia Lobato M\u00e9ndez y Lizeth G\u00f3mez Bautista<\/p>\n<p><strong>Autoridad responsable:<\/strong> Comisi\u00f3n Nacional de Justicia Intrapartidaria del Partido Movimiento Ciudadano<\/p>\n<p><strong>Descarga:<\/strong> <a href=\"https:\/\/teegro.gob.mx\/inicio\/wp-content\/uploads\/2021\/02\/TEE-JEC-008-2021.pdf\">Descarga<\/a><\/p>\n<h3><strong>TEE\/JEC\/014\/2020 Acuerdo plenario<\/strong><\/h3>\n<p><strong>Actor:<\/strong> Marcos Efr\u00e9n Parra Moronaatti<\/p>\n<p><strong>Autoridad responsable:<\/strong> Comisi\u00f3n de Justicia del Consejo Nacional del Partido Acci\u00f3n Nacional<\/p>\n<p><strong>Descarga:<\/strong> <a href=\"https:\/\/teegro.gob.mx\/inicio\/wp-content\/uploads\/2021\/02\/TEE-JEC-014-2020.pdf\">Descargar<\/a><\/p>\n<h3><strong>TEE\/JEC\/009\/2021<\/strong><\/h3>\n<p><strong>Actor:<\/strong> \u00c1ngel Basurto Ortega<\/p>\n<p><strong>Autoridad responsable:<\/strong> Comisi\u00f3n Nacional del Elecciones del Partido MORENA<\/p>\n<p><strong>Descarga:<\/strong> <a href=\"https:\/\/teegro.gob.mx\/inicio\/wp-content\/uploads\/2021\/02\/TEE-JEC-009-2021.pdf\">Descarga<\/a><\/p>\n<h3><strong>TEE\/JEC\/066\/2020<\/strong><\/h3>\n<p><strong>Actor:<\/strong> Isidro Remigio Cant\u00fa, Coordinador de etnia M\u00e9 Phaa del Concejo Municipal Comunitario de Ayutla de los Libres, Guerrero<\/p>\n<p><strong>Autoridad responsable:<\/strong> Longino Julio Hern\u00e1ndez Campos y Patricia Guadalupe Ram\u00edrez Baz\u00e1n, Coordinadores de etnia T\u00fa Un Savi y mestiza, en funciones de Presidente y S\u00edndica del concejo Municipal Comunitario del Ayutla de los Libres, Guerrero<\/p>\n<p><strong>Descarga:<\/strong> <a href=\"https:\/\/teegro.gob.mx\/inicio\/wp-content\/uploads\/2021\/02\/TEE-JEC-066-2020.pdf\">Descarga<\/a><\/p>\n","protected":false},"excerpt":{"rendered":"<p>Orden del d\u00eda V\u00eddeo de la Sesi\u00f3n Contenido TEE\/JEC\/008\/2021 Acuerdo plenario &#8211; Claudia Lobato M\u00e9ndez y Lizeth G\u00f3mez Bautista TEE\/JEC\/014\/2020 Acuerdo plenario &#8211; Marcos Efr\u00e9n Parra Moronaatti TEE\/JEC\/009\/2021 &#8211; \u00c1ngel Basurto Ortega TEE\/JEC\/066\/2020 &#8211; Isidro Remigio Cant\u00fa, Coordinador de etnia M\u00e9 Phaa del Concejo Municipal Comunitario de Ayutla de los Libres, Guerrero.<\/p>\n","protected":false},"author":1,"featured_media":0,"comment_status":"open","ping_status":"open","sticky":false,"template":"","format":"standard","meta":{"_acf_changed":false,"footnotes":""},"categories":[210],"tags":[],"class_list":["post-10490","post","type-post","status-publish","format-standard","hentry","category-gaceta"],"acf":[],"_links":{"self":[{"href":"https:\/\/teegro.gob.mx\/sitio2025\/wp-json\/wp\/v2\/posts\/10490","targetHints":{"allow":["GET"]}}],"collection":[{"href":"https:\/\/teegro.gob.mx\/sitio2025\/wp-json\/wp\/v2\/posts"}],"about":[{"href":"https:\/\/teegro.gob.mx\/sitio2025\/wp-json\/wp\/v2\/types\/post"}],"author":[{"embeddable":true,"href":"https:\/\/teegro.gob.mx\/sitio2025\/wp-json\/wp\/v2\/users\/1"}],"replies":[{"embeddable":true,"href":"https:\/\/teegro.gob.mx\/sitio2025\/wp-json\/wp\/v2\/comments?post=10490"}],"version-history":[{"count":6,"href":"https:\/\/teegro.gob.mx\/sitio2025\/wp-json\/wp\/v2\/posts\/10490\/revisions"}],"predecessor-version":[{"id":10496,"href":"https:\/\/teegro.gob.mx\/sitio2025\/wp-json\/wp\/v2\/posts\/10490\/revisions\/10496"}],"wp:attachment":[{"href":"https:\/\/teegro.gob.mx\/sitio2025\/wp-json\/wp\/v2\/media?parent=10490"}],"wp:term":[{"taxonomy":"category","embeddable":true,"href":"https:\/\/teegro.gob.mx\/sitio2025\/wp-json\/wp\/v2\/categories?post=10490"},{"taxonomy":"post_tag","embeddable":true,"href":"https:\/\/teegro.gob.mx\/sitio2025\/wp-json\/wp\/v2\/tags?post=10490"}],"curies":[{"name":"wp","href":"https:\/\/api.w.org\/{rel}","templated":true}]}}