{"id":10497,"date":"2021-02-14T11:00:00","date_gmt":"2021-02-14T17:00:00","guid":{"rendered":"https:\/\/teegro.gob.mx\/inicio\/?p=10497"},"modified":"2023-05-23T12:17:39","modified_gmt":"2023-05-23T17:17:39","slug":"novena-sesion-publica-de-resolucion-4","status":"publish","type":"post","link":"https:\/\/teegro.gob.mx\/sitio2025\/novena-sesion-publica-de-resolucion-4\/","title":{"rendered":"Novena Sesi\u00f3n P\u00fablica de Resoluci\u00f3n"},"content":{"rendered":"<!-- VideographyWP Plugin Message: Automatic video embedding prevented by plugin options. -->\n\n<ul>\n<li><a href=\"https:\/\/teegro.gob.mx\/inicio\/wp-content\/uploads\/2021\/02\/Lista140221.pdf\">Orden del d\u00eda<\/a><\/li>\n<li><a href=\"https:\/\/youtu.be\/4QXrpZNN-Ig\">V\u00eddeo de la Sesi\u00f3n<\/a><\/li>\n<\/ul>\n<h3>Contenido<\/h3>\n<ul>\n<li>TEE\/JEC\/014\/2020 Acuerdo Plenario &#8211; Marcos Efr\u00e9n Parra Moronatti<\/li>\n<li>TEE\/JEC\/001\/2021 Acuerdo Plenario &#8211; Juan G\u00e1lvez Guzm\u00e1n y otras personas<\/li>\n<li>TEE\/JEC\/009\/2021 Acuerdo Plenario &#8211; \u00c1ngel Basurto Ortega<\/li>\n<li>TEE\/RAP\/002\/2021 &#8211; Daniel Meza Loeza<\/li>\n<li>TEE\/JEC\/013\/2021 &#8211; Luis Walton Aburto<\/li>\n<li>TEE\/JEC\/014\/2021 &#8211; Ernesto Fidel Pay\u00e1n Cortinas<\/li>\n<li>TEE\/JEC\/015\/2021 &#8211; Ernesto Fidel Pay\u00e1n Cortinas<\/li>\n<\/ul>\n<h2><!--more--><\/h2>\n<h3><strong>TEE\/JEC\/014\/2020 Acuerdo Plenario<\/strong><\/h3>\n<p><strong>Actor:<\/strong> Marcos Efr\u00e9n Parra Moronatti<\/p>\n<p><strong>Autoridad responsable:<\/strong> Comisi\u00f3n de Justicia del Consejo Nacional del Partido Acci\u00f3n Nacional<\/p>\n<p><strong>Descarga:<\/strong> <a href=\"https:\/\/teegro.gob.mx\/inicio\/wp-content\/uploads\/2021\/02\/TEE-JEC-014-2020-Acuerdo-plenario.pdf\">Descarga<\/a><\/p>\n<h3><strong>TEE\/JEC\/001\/2021 Acuerdo Plenario<\/strong><\/h3>\n<p><strong>Actor:<\/strong> Juan G\u00e1lvez Guzm\u00e1n y otras personas <\/p>\n<p><strong>Autoridad responsable:<\/strong> Consejo General del Instituto Electoral y de Participaci\u00f3n Ciudadana del Estado de Guerrero <\/p>\n<p><strong>Descarga:<\/strong> <a href=\"https:\/\/teegro.gob.mx\/inicio\/wp-content\/uploads\/2021\/02\/TEE-JEC-001-2021-Acuerdo-plenario.pdf\">Descarga<\/a><\/p>\n<h3><strong>TEE\/JEC\/009\/2021 Acuerdo Plenario<\/strong><\/h3>\n<p><strong>Actor:<\/strong> \u00c1ngel Basurto Ortega<\/p>\n<p><strong>Autoridad responsable:<\/strong> Comisi\u00f3n Nacional del Honestidad y Justicia de MORENA<\/p>\n<p><strong>Descarga:<\/strong> <a href=\"https:\/\/teegro.gob.mx\/inicio\/wp-content\/uploads\/2021\/02\/TEE-JEC-009-2021-ACUERDO-PLENARIO.pdf\">Descarga<\/a><\/p>\n<h3><strong>TEE\/RAP\/002\/2021<\/strong><\/h3>\n<p><strong>Actor:<\/strong> Daniel Meza Loeza<\/p>\n<p><strong>Autoridad responsable:<\/strong> Consejo General del Instituto Electoral y de Participaci\u00f3n Ciudadana del Estado de Guerrero<\/p>\n<p><strong>Descarga:<\/strong> <a href=\"https:\/\/teegro.gob.mx\/inicio\/wp-content\/uploads\/2021\/02\/TEE-RAP-002-2021.pdf\">Descarga<\/a><\/p>\n<h3><strong>TEE\/JEC\/013\/2021<\/strong><\/h3>\n<p><strong>Actor:<\/strong> Luis Walton Aburto <\/p>\n<p><strong>Autoridad responsable:<\/strong> Comit\u00e9 Ejecutivo Nacional y Comisi\u00f3n Nacional de Elecciones de MORENA<\/p>\n<p><strong>Descarga:<\/strong> <a href=\"https:\/\/teegro.gob.mx\/inicio\/wp-content\/uploads\/2021\/02\/TEE-JEC-013-2021.pdf\">Descarga<\/a><\/p>\n<h3><strong>TEE\/JEC\/014\/2021<\/strong><\/h3>\n<p><strong>Actor:<\/strong> Ernesto Fidel Pay\u00e1n Cortinas<\/p>\n<p><strong>Autoridad responsable:<\/strong> Comisi\u00f3n Nacional del Honestidad y Justicia de MORENA<\/p>\n<p><strong>Descarga:<\/strong> <a href=\"https:\/\/teegro.gob.mx\/inicio\/wp-content\/uploads\/2021\/02\/TEE-JEC-014-2021.pdf\">Descarga<\/a><\/p>\n<h3><strong>TEE\/JEC\/015\/2021<\/strong><\/h3>\n<p><strong>Actor:<\/strong> Ernesto Fidel Pay\u00e1n Cortinas<\/p>\n<p><strong>Autoridad responsable:<\/strong> Comisi\u00f3n Nacional del Honestidad y Justicia de MORENA<\/p>\n<p><strong>Descarga:<\/strong> <a href=\"https:\/\/teegro.gob.mx\/inicio\/wp-content\/uploads\/2021\/02\/TEE-JEC-015-2021.pdf\">Descarga<\/a><\/p>\n","protected":false},"excerpt":{"rendered":"<p>Orden del d\u00eda V\u00eddeo de la Sesi\u00f3n Contenido TEE\/JEC\/014\/2020 Acuerdo Plenario &#8211; Marcos Efr\u00e9n Parra Moronatti TEE\/JEC\/001\/2021 Acuerdo Plenario &#8211; Juan G\u00e1lvez Guzm\u00e1n y otras personas TEE\/JEC\/009\/2021 Acuerdo Plenario &#8211; \u00c1ngel Basurto Ortega TEE\/RAP\/002\/2021 &#8211; Daniel Meza Loeza TEE\/JEC\/013\/2021 &#8211; Luis Walton Aburto TEE\/JEC\/014\/2021 &#8211; Ernesto Fidel Pay\u00e1n Cortinas TEE\/JEC\/015\/2021 &#8211; Ernesto Fidel Pay\u00e1n Cortinas<\/p>\n","protected":false},"author":1,"featured_media":0,"comment_status":"open","ping_status":"open","sticky":false,"template":"","format":"standard","meta":{"_acf_changed":false,"footnotes":""},"categories":[210],"tags":[],"class_list":["post-10497","post","type-post","status-publish","format-standard","hentry","category-gaceta"],"acf":[],"_links":{"self":[{"href":"https:\/\/teegro.gob.mx\/sitio2025\/wp-json\/wp\/v2\/posts\/10497","targetHints":{"allow":["GET"]}}],"collection":[{"href":"https:\/\/teegro.gob.mx\/sitio2025\/wp-json\/wp\/v2\/posts"}],"about":[{"href":"https:\/\/teegro.gob.mx\/sitio2025\/wp-json\/wp\/v2\/types\/post"}],"author":[{"embeddable":true,"href":"https:\/\/teegro.gob.mx\/sitio2025\/wp-json\/wp\/v2\/users\/1"}],"replies":[{"embeddable":true,"href":"https:\/\/teegro.gob.mx\/sitio2025\/wp-json\/wp\/v2\/comments?post=10497"}],"version-history":[{"count":5,"href":"https:\/\/teegro.gob.mx\/sitio2025\/wp-json\/wp\/v2\/posts\/10497\/revisions"}],"predecessor-version":[{"id":10502,"href":"https:\/\/teegro.gob.mx\/sitio2025\/wp-json\/wp\/v2\/posts\/10497\/revisions\/10502"}],"wp:attachment":[{"href":"https:\/\/teegro.gob.mx\/sitio2025\/wp-json\/wp\/v2\/media?parent=10497"}],"wp:term":[{"taxonomy":"category","embeddable":true,"href":"https:\/\/teegro.gob.mx\/sitio2025\/wp-json\/wp\/v2\/categories?post=10497"},{"taxonomy":"post_tag","embeddable":true,"href":"https:\/\/teegro.gob.mx\/sitio2025\/wp-json\/wp\/v2\/tags?post=10497"}],"curies":[{"name":"wp","href":"https:\/\/api.w.org\/{rel}","templated":true}]}}