{"id":10503,"date":"2021-02-23T11:00:00","date_gmt":"2021-02-23T17:00:00","guid":{"rendered":"https:\/\/teegro.gob.mx\/inicio\/?p=10503"},"modified":"2023-05-23T14:36:41","modified_gmt":"2023-05-23T19:36:41","slug":"decima-sesion-publica-de-resolucion-4","status":"publish","type":"post","link":"https:\/\/teegro.gob.mx\/sitio2025\/decima-sesion-publica-de-resolucion-4\/","title":{"rendered":"D\u00e9cima Sesi\u00f3n P\u00fablica de Resoluci\u00f3n"},"content":{"rendered":"<!-- VideographyWP Plugin Message: Automatic video embedding prevented by plugin options. -->\n\n<ul>\n<li><a href=\"https:\/\/teegro.gob.mx\/inicio\/wp-content\/uploads\/2021\/02\/lista23022021_.pdf\">Orden del d\u00eda<\/a><\/li>\n<li><a href=\"https:\/\/youtu.be\/h7pN9fGxCuE\">V\u00eddeo de la Sesi\u00f3n<\/a><\/li>\n<\/ul>\n<h3>Contenido<\/h3>\n<ul>\n<li>TEE\/LCT\/001\/2021 Acuerdo Plenario &#8211; Alberto Antonio Guerreo Polito<\/li>\n<li>TEE\/LCT\/011\/2020 Acuerdo Plenario &#8211; Ma. Cristal Labra Leonardo<\/li>\n<li>TEE\/JEC\/066\/2020 Acuerdo Plenario &#8211; Isidro Regmigio Cant\u00fa, Coordinador de Etnia M\u00e9 Phaa del Concejo Municipal Comunitario del Ayutla de los Libres, Guerrero<\/li>\n<li>TEE\/PES\/001\/2020 &#8211; Manuel Alberto Saavedra Ch\u00e1vez, Representante del Partido Revolucionario Institucional ante el Consejo General del IEPC del Estado de Guerrero<\/li>\n<li>TEE\/JEC\/012\/2021 &#8211; Claudia Lobato M\u00e9ndez y Lizeth G\u00f3mez Bautista<\/li>\n<li>TEE\/PES\/002\/2021 &#8211; Erick Javier Ocampo P\u00e9rez, Representante Suplente del Partido Acci\u00f3n Nacional del Consejo Distrital Electoral 21, en Taxco de Alarc\u00f3n, Guerrero<\/li>\n<li>TEE\/JEC\/010\/2021 &#8211; Demetrio Le\u00f3n \u00c1lvarez<\/li>\n<li>TEE\/JEC\/011\/2021 &#8211; Jos\u00e9 Rutilio Saavedra Ortega<\/li>\n<\/ul>\n<h2><!--more--><\/h2>\n<h3><strong>TEE\/LCT\/001\/2021 Acuerdo Plenario<\/strong><\/h3>\n<p><strong>Actor:<\/strong> Alberto Antonio Guerreo Polito<\/p>\n<p><strong>Autoridad responsable:<\/strong> Jos\u00e9 In\u00e9s Betancourt Salgado Magistrado Presidente y Representante Legal&nbsp; del Tribunal Electoral del Estado de Guerrero<\/p>\n<p><strong>Descarga:<\/strong> <a href=\"https:\/\/teegro.gob.mx\/inicio\/wp-content\/uploads\/2021\/02\/TEE-LCT-001-2021.pdf\">Descarga<\/a><\/p>\n<h3><strong>TEE\/LCT\/011\/2020 Acuerdo Plenario<\/strong><\/h3>\n<p><strong>Actor:<\/strong> Ma. Cristal Labra Leonardo<\/p>\n<p><strong>Autoridad responsable:<\/strong> Jos\u00e9 In\u00e9s Betancourt Salgado Magistrado Presidente y Representante Legal&nbsp; del Tribunal Electoral del Estado de Guerrero<\/p>\n<p><strong>Descarga:<\/strong> <a href=\"https:\/\/teegro.gob.mx\/inicio\/wp-content\/uploads\/2021\/02\/TEE-LCT-011-2020.pdf\">Descarga<\/a><\/p>\n<h3><strong>TEE\/JEC\/066\/2020 Acuerdo Plenario<\/strong><\/h3>\n<p><strong>Actor:<\/strong> Isidro Regmigio Cant\u00fa, Coordinador de Etnia M\u00e9 Phaa del Concejo Municipal Comunitario del Ayutla de los Libres, Guerrero<\/p>\n<p><strong>Autoridad responsable:<\/strong> Longino Julio Hern\u00e1ndez Campos y Patricia Guadalupe Ram\u00edrez Baz\u00e1n, Coordinadores de Etnia T\u00fa Un Savi y Mestiza, en funciones de Presidente y S\u00edndica del Consejo Municipal Comunitario de Ayutla de los Libres, Guerrero <\/p>\n<p><strong>Descarga:<\/strong> <a href=\"https:\/\/teegro.gob.mx\/inicio\/wp-content\/uploads\/2021\/02\/TEE-JEC-066-2020-acuerdo.pdf\">Descarga<\/a><\/p>\n<h3><strong>TEE\/PES\/001\/2020<\/strong><\/h3>\n<p><strong>Denunciante:<\/strong> Manuel Alberto Saavedra Ch\u00e1vez, Representante del Partido Revolucionario Institucional ante el Consejo General del IEPC del Estado de Guerrero<\/p>\n<p><strong>Denunciado:<\/strong> Norma Otilia Hern\u00e9ndez Martinez, Diputada del Congreso del Estado de Guerrero<\/p>\n<p><strong>Descarga:<\/strong> <a href=\"https:\/\/teegro.gob.mx\/inicio\/wp-content\/uploads\/2021\/02\/TEE-PES-001-2020.pdf\">Descarga<\/a><\/p>\n<h3><strong>TEE\/JEC\/012\/2021<\/strong><\/h3>\n<p><strong>Actor:<\/strong> Claudia Lobato M\u00e9ndez y Lizeth G\u00f3mez Bautista<\/p>\n<p><strong>Autoridad responsable:<\/strong> Comisi\u00f3n Nacional del Justicia Intrapartidaria de Movimiento Ciudadano<\/p>\n<p><strong>Descarga:<\/strong> <a href=\"https:\/\/teegro.gob.mx\/inicio\/wp-content\/uploads\/2021\/02\/TEE-JEC-012-2021.pdf\">Descarga<\/a><\/p>\n<h3><strong>TEE\/PES\/002\/2021<\/strong><\/h3>\n<p><strong>Denunciante:<\/strong> Erick Javier Ocampo P\u00e9rez, Representante Suplente del Partido Acci\u00f3n Nacional del Consejo Distrital Electoral 21, en Taxco de Alarc\u00f3n, Guerrero<\/p>\n<p><strong>Denunciada:<\/strong> Maricela Morales Ortiz y Partido Pol\u00edtico MORENA<\/p>\n<p><strong>Descarga:<\/strong> <a href=\"https:\/\/teegro.gob.mx\/inicio\/wp-content\/uploads\/2021\/02\/TEE-PES-002-2021.pdf\">Descarga<\/a><\/p>\n<h3><strong>TEE\/JEC\/010\/2021<\/strong><\/h3>\n<p><strong>Actor:<\/strong> Demetrio Le\u00f3n \u00c1lvarez<\/p>\n<p><strong>Autoridad responsable:<\/strong> Ayuntamiento del Municipio de Tlapa de Comonfort, Guerrero<\/p>\n<p><strong>Descarga:<\/strong> <a href=\"https:\/\/teegro.gob.mx\/inicio\/wp-content\/uploads\/2021\/02\/TEE-JEC-010-2021.pdf\">Descarga<\/a><\/p>\n<h3><strong>TEE\/JEC\/011\/2021<\/strong><\/h3>\n<p><strong>Actor:<\/strong> Jos\u00e9 Rutilio Saavedra Ortega<\/p>\n<p><strong>Autoridad responsable:<\/strong> Comisi\u00f3n Nacional de Elecciones de MORENA<\/p>\n<p><strong>Descarga:<\/strong> <a href=\"https:\/\/teegro.gob.mx\/inicio\/wp-content\/uploads\/2021\/02\/TEE-JEC-011-2021.pdf\">Descarga<\/a><\/p>\n","protected":false},"excerpt":{"rendered":"<p>Orden del d\u00eda V\u00eddeo de la Sesi\u00f3n Contenido TEE\/LCT\/001\/2021 Acuerdo Plenario &#8211; Alberto Antonio Guerreo Polito TEE\/LCT\/011\/2020 Acuerdo Plenario &#8211; Ma. Cristal Labra Leonardo TEE\/JEC\/066\/2020 Acuerdo Plenario &#8211; Isidro Regmigio Cant\u00fa, Coordinador de Etnia M\u00e9 Phaa del Concejo Municipal Comunitario del Ayutla de los Libres, Guerrero TEE\/PES\/001\/2020 &#8211; Manuel Alberto Saavedra Ch\u00e1vez, Representante del Partido [&hellip;]<\/p>\n","protected":false},"author":1,"featured_media":0,"comment_status":"open","ping_status":"open","sticky":false,"template":"","format":"standard","meta":{"_acf_changed":false,"footnotes":""},"categories":[210],"tags":[],"class_list":["post-10503","post","type-post","status-publish","format-standard","hentry","category-gaceta"],"acf":[],"_links":{"self":[{"href":"https:\/\/teegro.gob.mx\/sitio2025\/wp-json\/wp\/v2\/posts\/10503","targetHints":{"allow":["GET"]}}],"collection":[{"href":"https:\/\/teegro.gob.mx\/sitio2025\/wp-json\/wp\/v2\/posts"}],"about":[{"href":"https:\/\/teegro.gob.mx\/sitio2025\/wp-json\/wp\/v2\/types\/post"}],"author":[{"embeddable":true,"href":"https:\/\/teegro.gob.mx\/sitio2025\/wp-json\/wp\/v2\/users\/1"}],"replies":[{"embeddable":true,"href":"https:\/\/teegro.gob.mx\/sitio2025\/wp-json\/wp\/v2\/comments?post=10503"}],"version-history":[{"count":10,"href":"https:\/\/teegro.gob.mx\/sitio2025\/wp-json\/wp\/v2\/posts\/10503\/revisions"}],"predecessor-version":[{"id":10513,"href":"https:\/\/teegro.gob.mx\/sitio2025\/wp-json\/wp\/v2\/posts\/10503\/revisions\/10513"}],"wp:attachment":[{"href":"https:\/\/teegro.gob.mx\/sitio2025\/wp-json\/wp\/v2\/media?parent=10503"}],"wp:term":[{"taxonomy":"category","embeddable":true,"href":"https:\/\/teegro.gob.mx\/sitio2025\/wp-json\/wp\/v2\/categories?post=10503"},{"taxonomy":"post_tag","embeddable":true,"href":"https:\/\/teegro.gob.mx\/sitio2025\/wp-json\/wp\/v2\/tags?post=10503"}],"curies":[{"name":"wp","href":"https:\/\/api.w.org\/{rel}","templated":true}]}}