{"id":10522,"date":"2021-03-04T11:00:36","date_gmt":"2021-03-04T17:00:36","guid":{"rendered":"https:\/\/teegro.gob.mx\/inicio\/?p=10522"},"modified":"2023-05-23T15:29:29","modified_gmt":"2023-05-23T20:29:29","slug":"decima-segunda-sesion-publica-de-resolucion-3","status":"publish","type":"post","link":"https:\/\/teegro.gob.mx\/sitio2025\/decima-segunda-sesion-publica-de-resolucion-3\/","title":{"rendered":"D\u00e9cima Segunda Sesi\u00f3n P\u00fablica de Resoluci\u00f3n"},"content":{"rendered":"<!-- VideographyWP Plugin Message: Automatic video embedding prevented by plugin options. -->\n\n<ul>\n<li><a href=\"https:\/\/teegro.gob.mx\/inicio\/wp-content\/uploads\/2021\/03\/Lista04032021.pdf\">Orden del d\u00eda<\/a><\/li>\n<li><a href=\"https:\/\/teegro.gob.mx\/inicio\/wp-content\/uploads\/2021\/03\/complementaria04032021.pdf\">Complementaria<\/a><\/li>\n<li><a href=\"https:\/\/youtu.be\/lA-JxZNXid4\">V\u00eddeo de la Sesi\u00f3n<\/a><\/li>\n<\/ul>\n<h3>Contenido<\/h3>\n<ul>\n<li>TEE\/JEC\/016\/2021 y TEE\/JEC\/019\/2021, Acumulados &#8211; Luis Walton Aburto<\/li>\n<\/ul>\n<h3>Complementaria<\/h3>\n<ul>\n<li>TEE\/AG\/001\/2021 Acuerdo Plenario &#8211; Andr\u00e9s Catarino Cabello y otras personas<\/li>\n<\/ul>\n<h2><!--more--><\/h2>\n<h3><strong>TEE\/JEC\/016\/2021 y TEE\/JEC\/019\/2021, Acumulados<\/strong><\/h3>\n<p><strong>Actor:<\/strong> Luis Walton Aburto<\/p>\n<p><strong>Autoridad responsable:<\/strong> Comit\u00e9 Ejecutivo Nacional y Comisi\u00f3n Nacional de Honestidad y Justicia del Partido MORENA<\/p>\n<p><strong>Descarga:<\/strong> <a href=\"https:\/\/teegro.gob.mx\/inicio\/wp-content\/uploads\/2021\/03\/TEE-JEC-016-2021-Y-ACUMULADOS.pdf\">Descarga<\/a><\/p>\n<p><strong>Complementaria<\/strong><\/p>\n<h3><strong>T<\/strong><strong>EE<\/strong><strong>\/AG\/001\/2021 Acuerdo Plenario<\/strong><\/h3>\n<p><strong>Actor:<\/strong> Andr\u00e9s Catarino Cabello y otras personas<\/p>\n<p><strong>Autoridad responsable:<\/strong> Instituto Electoral y de Participaci\u00f3n del Estado de Guerrero<\/p>\n<p><strong>Descarga:<\/strong> <a href=\"https:\/\/teegro.gob.mx\/inicio\/wp-content\/uploads\/2021\/03\/TEE-AG-001-2021.pdf\">Descarga<\/a><\/p>\n","protected":false},"excerpt":{"rendered":"<p>Orden del d\u00eda Complementaria V\u00eddeo de la Sesi\u00f3n Contenido TEE\/JEC\/016\/2021 y TEE\/JEC\/019\/2021, Acumulados &#8211; Luis Walton Aburto Complementaria TEE\/AG\/001\/2021 Acuerdo Plenario &#8211; Andr\u00e9s Catarino Cabello y otras personas<\/p>\n","protected":false},"author":1,"featured_media":0,"comment_status":"open","ping_status":"open","sticky":false,"template":"","format":"standard","meta":{"_acf_changed":false,"footnotes":""},"categories":[210],"tags":[],"class_list":["post-10522","post","type-post","status-publish","format-standard","hentry","category-gaceta"],"acf":[],"_links":{"self":[{"href":"https:\/\/teegro.gob.mx\/sitio2025\/wp-json\/wp\/v2\/posts\/10522","targetHints":{"allow":["GET"]}}],"collection":[{"href":"https:\/\/teegro.gob.mx\/sitio2025\/wp-json\/wp\/v2\/posts"}],"about":[{"href":"https:\/\/teegro.gob.mx\/sitio2025\/wp-json\/wp\/v2\/types\/post"}],"author":[{"embeddable":true,"href":"https:\/\/teegro.gob.mx\/sitio2025\/wp-json\/wp\/v2\/users\/1"}],"replies":[{"embeddable":true,"href":"https:\/\/teegro.gob.mx\/sitio2025\/wp-json\/wp\/v2\/comments?post=10522"}],"version-history":[{"count":4,"href":"https:\/\/teegro.gob.mx\/sitio2025\/wp-json\/wp\/v2\/posts\/10522\/revisions"}],"predecessor-version":[{"id":10526,"href":"https:\/\/teegro.gob.mx\/sitio2025\/wp-json\/wp\/v2\/posts\/10522\/revisions\/10526"}],"wp:attachment":[{"href":"https:\/\/teegro.gob.mx\/sitio2025\/wp-json\/wp\/v2\/media?parent=10522"}],"wp:term":[{"taxonomy":"category","embeddable":true,"href":"https:\/\/teegro.gob.mx\/sitio2025\/wp-json\/wp\/v2\/categories?post=10522"},{"taxonomy":"post_tag","embeddable":true,"href":"https:\/\/teegro.gob.mx\/sitio2025\/wp-json\/wp\/v2\/tags?post=10522"}],"curies":[{"name":"wp","href":"https:\/\/api.w.org\/{rel}","templated":true}]}}