{"id":10527,"date":"2021-03-11T11:00:34","date_gmt":"2021-03-11T17:00:34","guid":{"rendered":"https:\/\/teegro.gob.mx\/inicio\/?p=10527"},"modified":"2023-06-27T14:56:06","modified_gmt":"2023-06-27T19:56:06","slug":"decima-tercera-sesion-publica-de-resolucion-3","status":"publish","type":"post","link":"https:\/\/teegro.gob.mx\/sitio2025\/decima-tercera-sesion-publica-de-resolucion-3\/","title":{"rendered":"D\u00e9cima Tercera Sesi\u00f3n P\u00fablica de Resoluci\u00f3n"},"content":{"rendered":"<!-- VideographyWP Plugin Message: Automatic video embedding prevented by plugin options. -->\n\n<ul>\n<li><a href=\"https:\/\/teegro.gob.mx\/inicio\/wp-content\/uploads\/2021\/03\/Lista11032021_.pdf\">Orden del d\u00eda<\/a><\/li>\n<li><a href=\"https:\/\/youtu.be\/GZpAahigDxQ\">V\u00eddeo de la Sesi\u00f3n<\/a><\/li>\n<\/ul>\n<h3>Contenido<\/h3>\n<ul>\n<li>TEE\/RAP\/004\/2021 Acuerdo Plenario &#8211; Partido del Trabajo<\/li>\n<li>TEE\/RAP\/005\/2021 &#8211; Partido de la Revoluci\u00f3n Democr\u00e1tica<\/li>\n<li>TEE\/RAP\/003\/2021 &#8211; Edgar Neri Quevedo, administrador y representante legal de &#8220;Pretextos comunicaci\u00f3n S.A. de C.V.&#8221;<\/li>\n<li>TEE\/JEC\/018\/2021 &#8211; Sergio Montes Carrillo<\/li>\n<li>TEE\/JEC\/066\/2020 Incidente &#8211; Longino Julio Hern\u00e1ndez Campos<\/li>\n<\/ul>\n<h2><!--more--><\/h2>\n<h3><strong>TEE\/RAP\/004\/2021 Acuerdo Plenario<\/strong><\/h3>\n<p><strong>Actor:<\/strong> Partido del Trabajo<\/p>\n<p><strong>Autoridad responsable:<\/strong> Instituto Electoral y de Participaci\u00f3n Ciudadana del Estado de Guerrero<\/p>\n<p><strong>Descarga:<\/strong> <a href=\"https:\/\/teegro.gob.mx\/inicio\/wp-content\/uploads\/2021\/03\/TEE-RAP-004-2021-1.pdf\">Descarga<\/a><\/p>\n<h3><strong>TEE\/RAP\/005\/2021<\/strong><\/h3>\n<p><strong>Actor:<\/strong> Partido de la Revoluci\u00f3n Democr\u00e1tica<\/p>\n<p><strong>Autoridad responsable:<\/strong> Instituto Electoral y de Participaci\u00f3n Ciudadana del Estado de Guerrero<\/p>\n<p><strong>Descarga:<\/strong> <a href=\"https:\/\/teegro.gob.mx\/inicio\/wp-content\/uploads\/2021\/03\/TEE-RAP-005-2021.pdf\">Descarga<\/a><\/p>\n<h3><strong>TEE\/RAP\/003\/2021<\/strong><\/h3>\n<p><strong>Actor:<\/strong> Edgar Neri Quevedo, administrador y representante legal de &#8220;Pretextos comunicaci\u00f3n S.A. de C.V.&#8221;<\/p>\n<p><strong>Autoridad responsable:<\/strong> Instituto Electoral y de Participaci\u00f3n Ciudadana del Estado de Guerrero<\/p>\n<p><strong>Descarga:<\/strong> Retirado<\/p>\n<h3><strong>TEE\/JEC\/018\/2021<\/strong><\/h3>\n<p><strong>Actor:<\/strong> Sergio Montes Carrillo<\/p>\n<p><strong>Autoridad responsable:<\/strong> Comisi\u00f3n Nacional de Honestidad y Justicia de MORENA<\/p>\n<p><strong>Descarga:<\/strong> <a href=\"https:\/\/teegro.gob.mx\/inicio\/wp-content\/uploads\/2021\/03\/TEE-JEC-018-2021-.pdf\">Descarga<\/a><\/p>\n<h3><strong>TEE\/JEC\/066\/2020 Incidente<\/strong><\/h3>\n<p><strong>Actor:<\/strong> Longino Julio Hern\u00e1ndez Campos<\/p>\n<p><strong>Autoridad responsable:<\/strong> Coordinador propietario de a Etnia T\u00fa Un Savi en Funciones de Presidente Municipal, y la Coordinadora Propietaria de la Etnia Mestiza del Concejo Municipal Comunitario de Ayutla de los Libres<\/p>\n<p><strong>Descarga:<\/strong> Retirado<\/p>\n","protected":false},"excerpt":{"rendered":"<p>Orden del d\u00eda V\u00eddeo de la Sesi\u00f3n Contenido TEE\/RAP\/004\/2021 Acuerdo Plenario &#8211; Partido del Trabajo TEE\/RAP\/005\/2021 &#8211; Partido de la Revoluci\u00f3n Democr\u00e1tica TEE\/RAP\/003\/2021 &#8211; Edgar Neri Quevedo, administrador y representante legal de &#8220;Pretextos comunicaci\u00f3n S.A. de C.V.&#8221; TEE\/JEC\/018\/2021 &#8211; Sergio Montes Carrillo TEE\/JEC\/066\/2020 Incidente &#8211; Longino Julio Hern\u00e1ndez Campos<\/p>\n","protected":false},"author":1,"featured_media":0,"comment_status":"open","ping_status":"open","sticky":false,"template":"","format":"standard","meta":{"_acf_changed":false,"footnotes":""},"categories":[210],"tags":[],"class_list":["post-10527","post","type-post","status-publish","format-standard","hentry","category-gaceta"],"acf":[],"_links":{"self":[{"href":"https:\/\/teegro.gob.mx\/sitio2025\/wp-json\/wp\/v2\/posts\/10527","targetHints":{"allow":["GET"]}}],"collection":[{"href":"https:\/\/teegro.gob.mx\/sitio2025\/wp-json\/wp\/v2\/posts"}],"about":[{"href":"https:\/\/teegro.gob.mx\/sitio2025\/wp-json\/wp\/v2\/types\/post"}],"author":[{"embeddable":true,"href":"https:\/\/teegro.gob.mx\/sitio2025\/wp-json\/wp\/v2\/users\/1"}],"replies":[{"embeddable":true,"href":"https:\/\/teegro.gob.mx\/sitio2025\/wp-json\/wp\/v2\/comments?post=10527"}],"version-history":[{"count":7,"href":"https:\/\/teegro.gob.mx\/sitio2025\/wp-json\/wp\/v2\/posts\/10527\/revisions"}],"predecessor-version":[{"id":10716,"href":"https:\/\/teegro.gob.mx\/sitio2025\/wp-json\/wp\/v2\/posts\/10527\/revisions\/10716"}],"wp:attachment":[{"href":"https:\/\/teegro.gob.mx\/sitio2025\/wp-json\/wp\/v2\/media?parent=10527"}],"wp:term":[{"taxonomy":"category","embeddable":true,"href":"https:\/\/teegro.gob.mx\/sitio2025\/wp-json\/wp\/v2\/categories?post=10527"},{"taxonomy":"post_tag","embeddable":true,"href":"https:\/\/teegro.gob.mx\/sitio2025\/wp-json\/wp\/v2\/tags?post=10527"}],"curies":[{"name":"wp","href":"https:\/\/api.w.org\/{rel}","templated":true}]}}