{"id":10548,"date":"2023-05-30T17:20:16","date_gmt":"2023-05-30T22:20:16","guid":{"rendered":"https:\/\/teegro.gob.mx\/inicio\/?p=10548"},"modified":"2025-03-31T15:27:26","modified_gmt":"2025-03-31T21:27:26","slug":"decima-tercera-sesion-publica-de-resolucion-2","status":"publish","type":"post","link":"https:\/\/teegro.gob.mx\/sitio2025\/decima-tercera-sesion-publica-de-resolucion-2\/","title":{"rendered":"D\u00e9cima Tercera Sesi\u00f3n P\u00fablica de Resoluci\u00f3n"},"content":{"rendered":"<!-- VideographyWP Plugin Message: Automatic video embedding prevented by plugin options. -->\n\n<ul>\n<li><a href=\"https:\/\/teegro.gob.mx\/inicio\/wp-content\/uploads\/2023\/05\/Lista310523.pdf\">Orden del d\u00eda<\/a><\/li>\n<li><a href=\"https:\/\/youtu.be\/2MhVOLncPzk\">V\u00eddeo de la Sesi\u00f3n<\/a><\/li>\n<\/ul>\n<h3>Contenido<\/h3>\n<ul>\n<li>TEE\/RAP\/005\/2023 Acuerdo Plenario &#8211; Eriberto Flores Terrero<\/li>\n<li>TEE\/PES\/002\/2023 Acuerdo Plenario &#8211; Yoloczin Lizbeth Dom\u00ednguez Serna<\/li>\n<li>TEE\/JEC\/007\/2020 y acumulados. Acuerdo Plenario &#8211; Sixto Cruz Ortega y otros<\/li>\n<li>TEE\/JEC\/025\/2023 &#8211; Mauro Oyorzabal G\u00f3mez<\/li>\n<li>TEE\/JEC\/031\/2023 &#8211; Encuentro Solidario A.C<\/li>\n<li>TEE\/LCT\/007\/2023 &#8211; V\u00edctor de la Paz Adame<\/li>\n<\/ul>\n<p><!--more--><\/p>\n<h3><strong>TEE\/<\/strong>RAP\/005\/2023 Acuerdo Plenario<\/h3>\n<p><strong>Actor:<\/strong> Eriberto Flores Terrero<\/p>\n<p><strong>Autoridad responsable:<\/strong> Instituto Electoral y de Participaci\u00f3n Ciudadana del Estado de Guerrero<\/p>\n<p><strong>Descarga:<\/strong> <a href=\"https:\/\/teegro.gob.mx\/inicio\/wp-content\/uploads\/2023\/05\/TEE-RAP-005-2023-Acuerdo.pdf\">Descarga<\/a><\/p>\n<h3><strong>TEE\/<\/strong>PES\/002\/2023 Acuerdo Plenario<\/h3>\n<p><strong>Denunciante:<\/strong> Yoloczin Lizbeth Dom\u00ednguez Serna<\/p>\n<p><strong>Denunciado:<\/strong> Alfredo S\u00e1nchez Esquivel<\/p>\n<p><strong>Descarga:<\/strong> <a href=\"https:\/\/teegro.gob.mx\/inicio\/wp-content\/uploads\/2023\/05\/TEE-PES-002-2023-Acuerdo.pdf\">Descarga<\/a><\/p>\n<h3><strong>TEE\/<\/strong>JEC\/007\/2020 y acumulados. Acuerdo Plenario<\/h3>\n<p><strong>Actor:<\/strong> Sixto Cruz Ortega y otros<\/p>\n<p><strong>Autoridad responsable:<\/strong> Instituto Electoral y de Participaci\u00f3n Ciudadana del Estado de Guerrero<\/p>\n<p><strong>Descarga:<\/strong> <a href=\"https:\/\/teegro.gob.mx\/inicio\/wp-content\/uploads\/2023\/05\/TEE-JEC-007-2020-Acuerdo.pdf\">Descarga<\/a><\/p>\n<h3><strong>TEE\/JEC\/025\/2023<\/strong><\/h3>\n<p><strong>Actor:<\/strong> Mauro Oyorzabal G\u00f3mez<\/p>\n<p><strong>Autoridad responsable:<\/strong> Ayuntamiento de Tlapa de Comonfort, Guerrero<\/p>\n<p><strong>Descarga:<\/strong> <a href=\"https:\/\/teegro.gob.mx\/inicio\/wp-content\/uploads\/2023\/05\/TEE-JEC-025-2023.pdf\">Descarga<\/a><\/p>\n<h3><strong>TEE\/JEC\/031\/2023<\/strong><\/h3>\n<p><strong>Actor:<\/strong> Encuentro Solidario A.C<\/p>\n<p><strong>Autoridad responsable:<\/strong> Instituto Electoral y de Participaci\u00f3n Ciudadana del Estado de Guerrero<\/p>\n<p><strong>Descarga:<\/strong> <a href=\"https:\/\/teegro.gob.mx\/inicio\/wp-content\/uploads\/2023\/05\/TEE-JEC-031-2023.pdf\">Descarga<\/a><\/p>\n<h3><strong>TEE\/LCT\/007\/2023<\/strong><\/h3>\n<p><strong>Actor:<\/strong> V\u00edctor de la Paz Adame<\/p>\n<p><strong>Autoridad responsable:<\/strong> Tribunal Electoral del Estado de Guerrero<\/p>\n<p><strong>Descarga:<\/strong> <a href=\"https:\/\/teegro.gob.mx\/sitio2023\/wp-content\/uploads\/2025\/03\/TEE-JLT-007-2023.pdf\">Descarga<\/a><\/p>\n","protected":false},"excerpt":{"rendered":"<p>Orden del d\u00eda V\u00eddeo de la Sesi\u00f3n Contenido TEE\/RAP\/005\/2023 Acuerdo Plenario &#8211; Eriberto Flores Terrero TEE\/PES\/002\/2023 Acuerdo Plenario &#8211; Yoloczin Lizbeth Dom\u00ednguez Serna TEE\/JEC\/007\/2020 y acumulados. Acuerdo Plenario &#8211; Sixto Cruz Ortega y otros TEE\/JEC\/025\/2023 &#8211; Mauro Oyorzabal G\u00f3mez TEE\/JEC\/031\/2023 &#8211; Encuentro Solidario A.C TEE\/LCT\/007\/2023 &#8211; V\u00edctor de la Paz Adame<\/p>\n","protected":false},"author":1,"featured_media":0,"comment_status":"open","ping_status":"open","sticky":false,"template":"","format":"standard","meta":{"_acf_changed":false,"footnotes":""},"categories":[210],"tags":[],"class_list":["post-10548","post","type-post","status-publish","format-standard","hentry","category-gaceta"],"acf":[],"_links":{"self":[{"href":"https:\/\/teegro.gob.mx\/sitio2025\/wp-json\/wp\/v2\/posts\/10548","targetHints":{"allow":["GET"]}}],"collection":[{"href":"https:\/\/teegro.gob.mx\/sitio2025\/wp-json\/wp\/v2\/posts"}],"about":[{"href":"https:\/\/teegro.gob.mx\/sitio2025\/wp-json\/wp\/v2\/types\/post"}],"author":[{"embeddable":true,"href":"https:\/\/teegro.gob.mx\/sitio2025\/wp-json\/wp\/v2\/users\/1"}],"replies":[{"embeddable":true,"href":"https:\/\/teegro.gob.mx\/sitio2025\/wp-json\/wp\/v2\/comments?post=10548"}],"version-history":[{"count":8,"href":"https:\/\/teegro.gob.mx\/sitio2025\/wp-json\/wp\/v2\/posts\/10548\/revisions"}],"predecessor-version":[{"id":17849,"href":"https:\/\/teegro.gob.mx\/sitio2025\/wp-json\/wp\/v2\/posts\/10548\/revisions\/17849"}],"wp:attachment":[{"href":"https:\/\/teegro.gob.mx\/sitio2025\/wp-json\/wp\/v2\/media?parent=10548"}],"wp:term":[{"taxonomy":"category","embeddable":true,"href":"https:\/\/teegro.gob.mx\/sitio2025\/wp-json\/wp\/v2\/categories?post=10548"},{"taxonomy":"post_tag","embeddable":true,"href":"https:\/\/teegro.gob.mx\/sitio2025\/wp-json\/wp\/v2\/tags?post=10548"}],"curies":[{"name":"wp","href":"https:\/\/api.w.org\/{rel}","templated":true}]}}