{"id":10592,"date":"2023-06-07T14:58:52","date_gmt":"2023-06-07T19:58:52","guid":{"rendered":"https:\/\/teegro.gob.mx\/inicio\/?p=10592"},"modified":"2023-06-08T19:14:18","modified_gmt":"2023-06-09T00:14:18","slug":"decima-quinta-sesion-publica-de-resolucion-2","status":"publish","type":"post","link":"https:\/\/teegro.gob.mx\/sitio2025\/decima-quinta-sesion-publica-de-resolucion-2\/","title":{"rendered":"D\u00e9cima Quinta Sesi\u00f3n P\u00fablica de Resoluci\u00f3n"},"content":{"rendered":"<!-- VideographyWP Plugin Message: Automatic video embedding prevented by plugin options. -->\n\n<ul>\n<li><a href=\"https:\/\/teegro.gob.mx\/inicio\/wp-content\/uploads\/2023\/06\/Lista080623.pdf\">Orden del d\u00eda<\/a><\/li>\n<li><a href=\"https:\/\/youtu.be\/7amyacIY0zY\">V\u00eddeo de la Sesi\u00f3n<\/a><\/li>\n<\/ul>\n<h3>Contenido<\/h3>\n<ul>\n<li>TEE\/PES\/006\/2022 <strong>Acuerdo Plenario<\/strong> &#8211; Dato protegido<\/li>\n<li>TEE\/JEC\/046\/2022 y su acumulado TEE\/JEC\/047\/2022 <strong>Acuerdo Plenario<\/strong> &#8211; Carolina Cant\u00fa Morales y otras personas<\/li>\n<li>TEE\/PES\/002\/2023 <strong>Acuerdo Plenario<\/strong> &#8211; Dato protegido<\/li>\n<li>TEE\/JEC\/015\/2023 y su acumulado TEE\/JEC\/023\/2023 <strong>Acuerdo Plenario<\/strong> &#8211; Roberta Castro de los Santos y otras personas<\/li>\n<li>TEE\/RAP\/001\/2023 &#8211; Representante del PRI<\/li>\n<li>TEE\/JEC\/032\/2023 &#8211; Eriberto Flores Terrero<\/li>\n<li>TEE\/RAP\/007\/2023 &#8211; Amado Basurto G\u00e1lvez<\/li>\n<\/ul>\n<p><!--more--><\/p>\n<h3><strong>TEE\/PES\/006\/2022 Acuerdo Plenario<\/strong><\/h3>\n<p><strong>Denunciante:<\/strong> Dato protegido<\/p>\n<p><strong>Denunciado:<\/strong> Joel \u00c1ngel Romero y otros<\/p>\n<p><strong>Descarga:<\/strong> <a href=\"https:\/\/teegro.gob.mx\/inicio\/wp-content\/uploads\/2023\/06\/TEE-PES-006-2022-VP.pdf\">Descarga<\/a><\/p>\n<h3><strong>TEE\/JEC\/046\/2022 y su acumulado TEE\/JEC\/047\/2022 Acuerdo Plenario<\/strong><\/h3>\n<p><strong>Actor:<\/strong> Carolina Cant\u00fa Morales y otras personas<\/p>\n<p><strong>Autoridad responsable:<\/strong> Ayuntamiento de Tlacoapa, Guerrero<\/p>\n<p><strong>Descarga:<\/strong> <a href=\"https:\/\/teegro.gob.mx\/inicio\/wp-content\/uploads\/2023\/06\/TEE-JEC-046-2022-Acuerdo.pdf\">Descarga<\/a><\/p>\n<h3><strong>TEE\/PES\/002\/2023 Acuerdo Plenario<\/strong><\/h3>\n<p><strong>Denunciante:<\/strong> Dato protegido<\/p>\n<p><strong>Denunciado:<\/strong> Alfredo S\u00e1nchez Esquivel<\/p>\n<p><strong>Descarga:<\/strong> <a href=\"https:\/\/teegro.gob.mx\/inicio\/wp-content\/uploads\/2023\/06\/TEE-PES-002-2023-Acuerdo.pdf\">Descarga<\/a><\/p>\n<h3><strong>TEE\/JEC\/015\/2023 y su acumulado TEE\/JEC\/023\/2023 Acuerdo Plenario<\/strong><\/h3>\n<p><strong>Actor:<\/strong> Roberta Castro de los Santos y otras personas<\/p>\n<p><strong>Autoridad responsable:<\/strong> Congreso del Estado de Guerrero y otra<\/p>\n<p><strong>Descarga:<\/strong> <a href=\"https:\/\/teegro.gob.mx\/inicio\/wp-content\/uploads\/2023\/06\/TEE-JEC-015-2023-Acuerdo.pdf\">Descarga<\/a><\/p>\n<h3><strong>TEE\/RAP\/001\/2023<\/strong><\/h3>\n<p><strong>Actor:<\/strong> Representante del PRI<\/p>\n<p><strong>Autoridad responsable:<\/strong> Instituto Electoral y de Participaci\u00f3n Ciudadana del Estado de Guerrero<\/p>\n<p><strong>Descarga:<\/strong> <a href=\"https:\/\/teegro.gob.mx\/inicio\/wp-content\/uploads\/2023\/06\/TEE-RAP-001-2023.pdf\">Descarga<\/a><\/p>\n<h3><strong>TEE\/JEC\/032\/2023<\/strong><\/h3>\n<p><strong>Actor:<\/strong> Eriberto Flores Terrero<\/p>\n<p><strong>Autoridad responsable:<\/strong> Instituto Electoral y de Participaci\u00f3n Ciudadana del Estado de Guerrero<\/p>\n<p><strong>Descarga:<\/strong> <a href=\"https:\/\/teegro.gob.mx\/inicio\/wp-content\/uploads\/2023\/06\/TEE-JEC-032-2023.pdf\">Descarga<\/a><\/p>\n<h3><strong>TEE\/RAP\/007\/2023<\/strong><\/h3>\n<p><strong>Actor:<\/strong> Amado Basurto G\u00e1lvez<\/p>\n<p><strong>Autoridad responsable:<\/strong> Instituto Electoral y de Participaci\u00f3n Ciudadana del Estado de Guerrero<\/p>\n<p><strong>Descarga:<\/strong> <a href=\"https:\/\/teegro.gob.mx\/inicio\/wp-content\/uploads\/2023\/06\/TEE-RAP-007-2023.pdf\">Descarga<\/a><\/p>\n","protected":false},"excerpt":{"rendered":"<p>Orden del d\u00eda V\u00eddeo de la Sesi\u00f3n Contenido TEE\/PES\/006\/2022 Acuerdo Plenario &#8211; Dato protegido TEE\/JEC\/046\/2022 y su acumulado TEE\/JEC\/047\/2022 Acuerdo Plenario &#8211; Carolina Cant\u00fa Morales y otras personas TEE\/PES\/002\/2023 Acuerdo Plenario &#8211; Dato protegido TEE\/JEC\/015\/2023 y su acumulado TEE\/JEC\/023\/2023 Acuerdo Plenario &#8211; Roberta Castro de los Santos y otras personas TEE\/RAP\/001\/2023 &#8211; Representante del PRI [&hellip;]<\/p>\n","protected":false},"author":1,"featured_media":0,"comment_status":"open","ping_status":"open","sticky":false,"template":"","format":"standard","meta":{"_acf_changed":false,"footnotes":""},"categories":[210],"tags":[],"class_list":["post-10592","post","type-post","status-publish","format-standard","hentry","category-gaceta"],"acf":[],"_links":{"self":[{"href":"https:\/\/teegro.gob.mx\/sitio2025\/wp-json\/wp\/v2\/posts\/10592","targetHints":{"allow":["GET"]}}],"collection":[{"href":"https:\/\/teegro.gob.mx\/sitio2025\/wp-json\/wp\/v2\/posts"}],"about":[{"href":"https:\/\/teegro.gob.mx\/sitio2025\/wp-json\/wp\/v2\/types\/post"}],"author":[{"embeddable":true,"href":"https:\/\/teegro.gob.mx\/sitio2025\/wp-json\/wp\/v2\/users\/1"}],"replies":[{"embeddable":true,"href":"https:\/\/teegro.gob.mx\/sitio2025\/wp-json\/wp\/v2\/comments?post=10592"}],"version-history":[{"count":7,"href":"https:\/\/teegro.gob.mx\/sitio2025\/wp-json\/wp\/v2\/posts\/10592\/revisions"}],"predecessor-version":[{"id":10607,"href":"https:\/\/teegro.gob.mx\/sitio2025\/wp-json\/wp\/v2\/posts\/10592\/revisions\/10607"}],"wp:attachment":[{"href":"https:\/\/teegro.gob.mx\/sitio2025\/wp-json\/wp\/v2\/media?parent=10592"}],"wp:term":[{"taxonomy":"category","embeddable":true,"href":"https:\/\/teegro.gob.mx\/sitio2025\/wp-json\/wp\/v2\/categories?post=10592"},{"taxonomy":"post_tag","embeddable":true,"href":"https:\/\/teegro.gob.mx\/sitio2025\/wp-json\/wp\/v2\/tags?post=10592"}],"curies":[{"name":"wp","href":"https:\/\/api.w.org\/{rel}","templated":true}]}}