{"id":10622,"date":"2023-06-19T15:05:40","date_gmt":"2023-06-19T20:05:40","guid":{"rendered":"https:\/\/teegro.gob.mx\/inicio\/?p=10622"},"modified":"2023-06-20T20:44:05","modified_gmt":"2023-06-21T01:44:05","slug":"decima-septima-sesion-publica-de-resolucion-2","status":"publish","type":"post","link":"https:\/\/teegro.gob.mx\/sitio2025\/decima-septima-sesion-publica-de-resolucion-2\/","title":{"rendered":"D\u00e9cima S\u00e9ptima Sesi\u00f3n P\u00fablica de Resoluci\u00f3n"},"content":{"rendered":"<!-- VideographyWP Plugin Message: Automatic video embedding prevented by plugin options. -->\n\n<ul>\n<li><a href=\"https:\/\/teegro.gob.mx\/inicio\/wp-content\/uploads\/2023\/06\/Lista200623.pdf\">Orden del d\u00eda<\/a><\/li>\n<li><a href=\"https:\/\/youtu.be\/sR4lMXYxdXw\">V\u00eddeo de la Sesi\u00f3n<\/a><\/li>\n<\/ul>\n<h3>Contenido<\/h3>\n<ul>\n<li>TEE\/JEC\/011\/2023 Acuerdo Plenario &#8211; Cristina \u00c1lvarez Moreno y Luis Montealegre Galicia<\/li>\n<li>TEE\/JEC\/030\/2023 &#8211; Tereza Nava Alfaro y otras personas<\/li>\n<li>TEE\/JEC\/026\/2023 &#8211; Carlos Arturo Mill\u00e1n S\u00e1nchez<\/li>\n<li>TEE\/JEC\/024\/2023 &#8211; Yaneth Guti\u00e9rrez Izazaga<\/li>\n<li>TEE\/JEC\/017\/2023 &#8211; Fel\u00edcita Navarrete Neri<\/li>\n<li>TEE\/RAP\/008\/2023 &#8211; Jacinto Gonz\u00e1lez Varona<\/li>\n<li>TEE\/LCT\/008\/2023 &#8211; Jos\u00e9 \u00c1ngel Mendoza Ju\u00e1rez<\/li>\n<\/ul>\n<p><!--more--><\/p>\n<h3><strong>TEE\/<\/strong>JEC\/011\/2023 Acuerdo Plenario<\/h3>\n<p><strong>Actor:<\/strong> Cristina \u00c1lvarez Moreno y Luis Montealegre Galicia<\/p>\n<p><strong>Autoridad responsable:<\/strong> Ayuntamiento de Metlat\u00f3noc, Guerrero<\/p>\n<p><strong>Descarga:<\/strong> <a href=\"https:\/\/teegro.gob.mx\/inicio\/wp-content\/uploads\/2023\/06\/TEE-JEC-011-2023-Acuerdo.pdf\">Descarga<\/a><\/p>\n<h3><strong>TEE\/JEC\/030\/2023<\/strong><\/h3>\n<p><strong>Actor:<\/strong> Tereza Nava Alfaro y otras personas<\/p>\n<p><strong>Autoridad responsable:<\/strong> Comisi\u00f3n Nacional de Honestidad y Justicia de Morena<\/p>\n<p><strong>Descarga:<\/strong> <a href=\"https:\/\/teegro.gob.mx\/inicio\/wp-content\/uploads\/2023\/06\/TEE-JEC-030-2023.pdf\">Descarga<\/a><\/p>\n<h3><strong>TEE\/JEC\/026\/2023<\/strong><\/h3>\n<p><strong>Actor:<\/strong> Carlos Arturo Mill\u00e1n S\u00e1nchez<\/p>\n<p><strong>Autoridad responsable:<\/strong> Comisi\u00f3n de Justicia del PAN<\/p>\n<p><strong>Descarga:<\/strong> <a href=\"https:\/\/teegro.gob.mx\/inicio\/wp-content\/uploads\/2023\/06\/TEE-JEC-026-2023.pdf\">Descarga<\/a><\/p>\n<h3><strong>TEE\/JEC\/024\/2023<\/strong><\/h3>\n<p><strong>Actor:<\/strong> Yaneth Guti\u00e9rrez Izazaga<\/p>\n<p><strong>Autoridad responsable:<\/strong> Ayuntamiento de la Uni\u00f3n de Isidoro Montes de Oca, Guerrero<\/p>\n<p><strong>Descarga:<\/strong> <a href=\"https:\/\/teegro.gob.mx\/inicio\/wp-content\/uploads\/2023\/06\/TEE-JEC-024-2023.pdf\">Descarga<\/a><\/p>\n<h3><strong>TEE\/JEC\/017\/2023<\/strong><\/h3>\n<p><strong>Actor:<\/strong> Fel\u00edcita Navarrete Neri<\/p>\n<p><strong>Autoridad responsable:<\/strong> Comisi\u00f3n de Atenci\u00f3n a la Violencia Pol\u00edtica en Raz\u00f3n de G\u00e9nero Contra las Mujeres Militantes del PAN<\/p>\n<p><strong>Descarga:<\/strong> <a href=\"https:\/\/teegro.gob.mx\/inicio\/wp-content\/uploads\/2023\/06\/TEE-JEC-017-2023.pdf\">Descarga<\/a><\/p>\n<h3><strong>TEE\/RAP\/008\/2023<\/strong><\/h3>\n<p><strong>Actor:<\/strong> Jacinto Gonz\u00e1lez Varona<\/p>\n<p><strong>Autoridad responsable:<\/strong> Comisi\u00f3n de Quejas y Denuncias del IEPC-GRO&nbsp;<\/p>\n<p><strong>Descarga:<\/strong> <a href=\"https:\/\/teegro.gob.mx\/inicio\/wp-content\/uploads\/2023\/06\/TEE-RAP-008-2023-VP.pdf\">Descarga<\/a><\/p>\n<h3><strong>TEE\/LCT\/008\/2023<\/strong><\/h3>\n<p><strong>Actor:<\/strong> Jos\u00e9 \u00c1ngel Mendoza Ju\u00e1rez<\/p>\n<p><strong>Autoridad responsable:<\/strong> Tribunal Electoral del Estado de Guerrero<\/p>\n<p><strong>Descarga:<\/strong> <a href=\"https:\/\/teegro.gob.mx\/inicio\/wp-content\/uploads\/2023\/06\/TEE-LCT-008-2023.pdf\">Descarga<\/a><\/p>\n","protected":false},"excerpt":{"rendered":"<p>Orden del d\u00eda V\u00eddeo de la Sesi\u00f3n Contenido TEE\/JEC\/011\/2023 Acuerdo Plenario &#8211; Cristina \u00c1lvarez Moreno y Luis Montealegre Galicia TEE\/JEC\/030\/2023 &#8211; Tereza Nava Alfaro y otras personas TEE\/JEC\/026\/2023 &#8211; Carlos Arturo Mill\u00e1n S\u00e1nchez TEE\/JEC\/024\/2023 &#8211; Yaneth Guti\u00e9rrez Izazaga TEE\/JEC\/017\/2023 &#8211; Fel\u00edcita Navarrete Neri TEE\/RAP\/008\/2023 &#8211; Jacinto Gonz\u00e1lez Varona TEE\/LCT\/008\/2023 &#8211; Jos\u00e9 \u00c1ngel Mendoza Ju\u00e1rez<\/p>\n","protected":false},"author":1,"featured_media":0,"comment_status":"open","ping_status":"open","sticky":false,"template":"","format":"standard","meta":{"_acf_changed":false,"footnotes":""},"categories":[210],"tags":[],"class_list":["post-10622","post","type-post","status-publish","format-standard","hentry","category-gaceta"],"acf":[],"_links":{"self":[{"href":"https:\/\/teegro.gob.mx\/sitio2025\/wp-json\/wp\/v2\/posts\/10622","targetHints":{"allow":["GET"]}}],"collection":[{"href":"https:\/\/teegro.gob.mx\/sitio2025\/wp-json\/wp\/v2\/posts"}],"about":[{"href":"https:\/\/teegro.gob.mx\/sitio2025\/wp-json\/wp\/v2\/types\/post"}],"author":[{"embeddable":true,"href":"https:\/\/teegro.gob.mx\/sitio2025\/wp-json\/wp\/v2\/users\/1"}],"replies":[{"embeddable":true,"href":"https:\/\/teegro.gob.mx\/sitio2025\/wp-json\/wp\/v2\/comments?post=10622"}],"version-history":[{"count":12,"href":"https:\/\/teegro.gob.mx\/sitio2025\/wp-json\/wp\/v2\/posts\/10622\/revisions"}],"predecessor-version":[{"id":10641,"href":"https:\/\/teegro.gob.mx\/sitio2025\/wp-json\/wp\/v2\/posts\/10622\/revisions\/10641"}],"wp:attachment":[{"href":"https:\/\/teegro.gob.mx\/sitio2025\/wp-json\/wp\/v2\/media?parent=10622"}],"wp:term":[{"taxonomy":"category","embeddable":true,"href":"https:\/\/teegro.gob.mx\/sitio2025\/wp-json\/wp\/v2\/categories?post=10622"},{"taxonomy":"post_tag","embeddable":true,"href":"https:\/\/teegro.gob.mx\/sitio2025\/wp-json\/wp\/v2\/tags?post=10622"}],"curies":[{"name":"wp","href":"https:\/\/api.w.org\/{rel}","templated":true}]}}