{"id":10723,"date":"2021-03-19T11:00:59","date_gmt":"2021-03-19T17:00:59","guid":{"rendered":"https:\/\/teegro.gob.mx\/inicio\/?p=10723"},"modified":"2023-06-27T15:55:43","modified_gmt":"2023-06-27T20:55:43","slug":"decima-quinta-sesion-publica-de-resolucion-3","status":"publish","type":"post","link":"https:\/\/teegro.gob.mx\/sitio2025\/decima-quinta-sesion-publica-de-resolucion-3\/","title":{"rendered":"D\u00e9cima Quinta Sesi\u00f3n P\u00fablica de Resoluci\u00f3n"},"content":{"rendered":"<!-- VideographyWP Plugin Message: Automatic video embedding prevented by plugin options. -->\n\n<ul>\n<li><a href=\"https:\/\/teegro.gob.mx\/inicio\/wp-content\/uploads\/2021\/03\/Lista19032021.pdf\">Orden del d\u00eda<\/a><\/li>\n<li><a href=\"https:\/\/youtu.be\/j9Qx6RhpZRs\">V\u00eddeo de la Sesi\u00f3n<\/a><\/li>\n<\/ul>\n<h3>Contenido<\/h3>\n<ul>\n<li>TEE\/JEC\/018\/2021 Acuerdo Plenario &#8211; Sergio Montes Carrillo <\/li>\n<li>TEE\/JEC\/026\/2021 Acuerdo Plenario &#8211; H\u00e9ctor Andr\u00e9s P\u00e9rez Delgado<\/li>\n<li>TEE\/JEC\/020\/2021 y TEE\/JEC\/021\/2021 acumulados &#8211; Ricardo del Carmen Gallardo y Alberto Serna Mogoll\u00f3n<\/li>\n<li>TEE\/TEE\/PES\/004\/2021 &#8211; Erick Javier Ocampo P\u00e9rez, representante suplente del PAN ante el Consejo Distrital Electoral 21<\/li>\n<li>TEE\/JEC\/022\/2021 &#8211; \u00c1ngel Basurto Ortega<\/li>\n<\/ul>\n<h2><!--more--><\/h2>\n<h3><strong>TEE\/JEC\/018\/2021 Acuerdo Plenario<\/strong><\/h3>\n<p><strong>Actor:<\/strong> Sergio Montes Carrillo<\/p>\n<p><strong>Autoridad responsable:<\/strong> Comisi\u00f3n Nacional de Honestidad y Justicia de Morena<\/p>\n<p><strong>Descarga:<\/strong> <a href=\"https:\/\/teegro.gob.mx\/inicio\/wp-content\/uploads\/2021\/03\/TEE-JEC-018-2021-acuerdo.pdf\">Descarga<\/a><\/p>\n<h3><strong>TEE\/JEC\/026\/2021 Acuerdo Plenario<\/strong><\/h3>\n<p><strong>Actor:<\/strong> H\u00e9ctor Andr\u00e9s P\u00e9rez Delgado<\/p>\n<p><strong>Autoridad responsable:<\/strong> Consejo Estatal de Morena en el Estado de Guerrero<\/p>\n<p><strong>Descarga:<\/strong> <a href=\"https:\/\/teegro.gob.mx\/inicio\/wp-content\/uploads\/2021\/03\/TEE-JEC-026-2021-acuerdo.pdf\">Descarga<\/a><\/p>\n<h3><strong>TEE\/<\/strong>JEC\/020\/2021 y TEE\/JEC\/021\/2021 acumulados<\/h3>\n<p><strong>Actor:<\/strong> Ricardo del Carmen Gallardo y Alberto Serna Mogoll\u00f3n<\/p>\n<p><strong>Autoridad responsable:<\/strong> Instituto Electoral y de Participaci\u00f3n Ciudadana del Estado de Guerrero<\/p>\n<p><strong>Descarga:<\/strong> <a href=\"https:\/\/teegro.gob.mx\/inicio\/wp-content\/uploads\/2021\/03\/TEE-JEC-020-2021-Y-021-ACUMULADOS.pdf\">Descarga<\/a><\/p>\n<h3><strong>TEE\/TEE\/PES\/004\/2021<\/strong><\/h3>\n<p><strong>Denunciante:<\/strong> Erick Javier Ocampo P\u00e9rez, representante suplente del PAN ante el Consejo Distrital Electoral 21<\/p>\n<p><strong>Denunciado:<\/strong> Corey S\u00e1nchez Silva y Partido Pol\u00edtico Morena<\/p>\n<p><strong>Descarga:<\/strong> <a href=\"https:\/\/teegro.gob.mx\/inicio\/wp-content\/uploads\/2021\/03\/TEE-PES-004-2021.pdf\">Descarga<\/a><\/p>\n<h3><strong>TEE\/JEC\/022\/2021<\/strong><\/h3>\n<p><strong>Actor:<\/strong> \u00c1ngel Basurto Ortega<\/p>\n<p><strong>Autoridad responsable:<\/strong> Comisi\u00f3n Nacional de Elecciones de Morena<\/p>\n<p><strong>Descarga:<\/strong> <a href=\"https:\/\/teegro.gob.mx\/inicio\/wp-content\/uploads\/2021\/03\/TEE-JEC-022-2021.pdf\">Descarga<\/a><\/p>\n","protected":false},"excerpt":{"rendered":"<p>Orden del d\u00eda V\u00eddeo de la Sesi\u00f3n Contenido TEE\/JEC\/018\/2021 Acuerdo Plenario &#8211; Sergio Montes Carrillo TEE\/JEC\/026\/2021 Acuerdo Plenario &#8211; H\u00e9ctor Andr\u00e9s P\u00e9rez Delgado TEE\/JEC\/020\/2021 y TEE\/JEC\/021\/2021 acumulados &#8211; Ricardo del Carmen Gallardo y Alberto Serna Mogoll\u00f3n TEE\/TEE\/PES\/004\/2021 &#8211; Erick Javier Ocampo P\u00e9rez, representante suplente del PAN ante el Consejo Distrital Electoral 21 TEE\/JEC\/022\/2021 &#8211; \u00c1ngel [&hellip;]<\/p>\n","protected":false},"author":1,"featured_media":0,"comment_status":"open","ping_status":"open","sticky":false,"template":"","format":"standard","meta":{"_acf_changed":false,"footnotes":""},"categories":[210],"tags":[],"class_list":["post-10723","post","type-post","status-publish","format-standard","hentry","category-gaceta"],"acf":[],"_links":{"self":[{"href":"https:\/\/teegro.gob.mx\/sitio2025\/wp-json\/wp\/v2\/posts\/10723","targetHints":{"allow":["GET"]}}],"collection":[{"href":"https:\/\/teegro.gob.mx\/sitio2025\/wp-json\/wp\/v2\/posts"}],"about":[{"href":"https:\/\/teegro.gob.mx\/sitio2025\/wp-json\/wp\/v2\/types\/post"}],"author":[{"embeddable":true,"href":"https:\/\/teegro.gob.mx\/sitio2025\/wp-json\/wp\/v2\/users\/1"}],"replies":[{"embeddable":true,"href":"https:\/\/teegro.gob.mx\/sitio2025\/wp-json\/wp\/v2\/comments?post=10723"}],"version-history":[{"count":6,"href":"https:\/\/teegro.gob.mx\/sitio2025\/wp-json\/wp\/v2\/posts\/10723\/revisions"}],"predecessor-version":[{"id":10730,"href":"https:\/\/teegro.gob.mx\/sitio2025\/wp-json\/wp\/v2\/posts\/10723\/revisions\/10730"}],"wp:attachment":[{"href":"https:\/\/teegro.gob.mx\/sitio2025\/wp-json\/wp\/v2\/media?parent=10723"}],"wp:term":[{"taxonomy":"category","embeddable":true,"href":"https:\/\/teegro.gob.mx\/sitio2025\/wp-json\/wp\/v2\/categories?post=10723"},{"taxonomy":"post_tag","embeddable":true,"href":"https:\/\/teegro.gob.mx\/sitio2025\/wp-json\/wp\/v2\/tags?post=10723"}],"curies":[{"name":"wp","href":"https:\/\/api.w.org\/{rel}","templated":true}]}}