{"id":10731,"date":"2021-03-22T11:00:45","date_gmt":"2021-03-22T17:00:45","guid":{"rendered":"https:\/\/teegro.gob.mx\/inicio\/?p=10731"},"modified":"2023-06-27T16:12:05","modified_gmt":"2023-06-27T21:12:05","slug":"decima-sexta-sesion-publica-de-resolucion-3","status":"publish","type":"post","link":"https:\/\/teegro.gob.mx\/sitio2025\/decima-sexta-sesion-publica-de-resolucion-3\/","title":{"rendered":"D\u00e9cima Sexta Sesi\u00f3n P\u00fablica de Resoluci\u00f3n"},"content":{"rendered":"<!-- VideographyWP Plugin Message: Automatic video embedding prevented by plugin options. -->\n\n<ul>\n<li><a href=\"https:\/\/teegro.gob.mx\/inicio\/wp-content\/uploads\/2021\/03\/Lista22032021.pdf\">Orden del d\u00eda<\/a><\/li>\n<li><a href=\"https:\/\/youtu.be\/yH4Dq3IPx_A\">V\u00eddeo de la Sesi\u00f3n<\/a><\/li>\n<\/ul>\n<h3>Contenido<\/h3>\n<ul>\n<li>TEE\/JEC\/023\/2021 &#8211; Yerania Guadalupe Gordillo Villanueva<\/li>\n<li>TEE\/JEC\/024\/2021 &#8211; Ricardo Jim\u00e9nez Villalva<\/li>\n<li>TEE\/JEC\/029\/2021 &#8211; Hilda Ruth Lorenzo Hern\u00e1ndez<\/li>\n<li>TEE\/PES\/005\/2021 &#8211; Adriana Corina Gama Beltr\u00e1n, representante <br>del PT, ante el Consejo Distrital Electoral 21 del IEPC<\/li>\n<\/ul>\n<h2><!--more--><\/h2>\n<h3><strong>TEE\/JEC\/023\/2021<\/strong><\/h3>\n<p><strong>Actor:<\/strong> Yerania Guadalupe Gordillo Villanueva<\/p>\n<p><strong>Autoridad responsable:<\/strong> Comisi\u00f3n Nacional de Elecciones de Morena<\/p>\n<p><strong>Descarga:<\/strong> <a href=\"https:\/\/teegro.gob.mx\/inicio\/wp-content\/uploads\/2021\/03\/TEE-JEC-023-2021-.pdf\">Descarga<\/a><\/p>\n<h3><strong>TEE\/JEC\/024\/2021<\/strong><\/h3>\n<p><strong>Actor:<\/strong> Ricardo Jim\u00e9nez Villalva<\/p>\n<p><strong>Autoridad responsable:<\/strong> Instituto Electoral y de Participaci\u00f3n Ciudadana<\/p>\n<p><strong>Descarga:<\/strong> <a href=\"https:\/\/teegro.gob.mx\/inicio\/wp-content\/uploads\/2021\/03\/TEE-JEC-024-2021.pdf\">Descarga<\/a><\/p>\n<h3><strong>TEE\/JEC\/029\/2021<\/strong><\/h3>\n<p><strong>Actor:<\/strong> Hilda Ruth Lorenzo Hern\u00e1ndez<\/p>\n<p><strong>Autoridad responsable:<\/strong> Consejo Estatal de Morena en el Estado de Guerrero<\/p>\n<p><strong>Descarga:<\/strong> <a href=\"https:\/\/teegro.gob.mx\/inicio\/wp-content\/uploads\/2021\/03\/TEE-JEC-029-2021.pdf\">Descarga<\/a><\/p>\n<h3><strong>TEE\/PES\/005\/2021<\/strong><\/h3>\n<p><strong>Denunciante:<\/strong> Adriana Corina Gama Beltr\u00e1n, representante del PT, ante el Consejo Distrital Electoral 21 del IEPC<\/p>\n<p><strong>Denunciado:<\/strong> Marcos Efr\u00e9n Parra <br>G\u00f3mez&nbsp;<\/p>\n<p><strong>Descarga:<\/strong> <a href=\"https:\/\/teegro.gob.mx\/inicio\/wp-content\/uploads\/2021\/03\/TEE-PES-005-2021.pdf\">Descarga<\/a><\/p>\n","protected":false},"excerpt":{"rendered":"<p>Orden del d\u00eda V\u00eddeo de la Sesi\u00f3n Contenido TEE\/JEC\/023\/2021 &#8211; Yerania Guadalupe Gordillo Villanueva TEE\/JEC\/024\/2021 &#8211; Ricardo Jim\u00e9nez Villalva TEE\/JEC\/029\/2021 &#8211; Hilda Ruth Lorenzo Hern\u00e1ndez TEE\/PES\/005\/2021 &#8211; Adriana Corina Gama Beltr\u00e1n, representante del PT, ante el Consejo Distrital Electoral 21 del IEPC<\/p>\n","protected":false},"author":1,"featured_media":0,"comment_status":"open","ping_status":"open","sticky":false,"template":"","format":"standard","meta":{"_acf_changed":false,"footnotes":""},"categories":[210],"tags":[],"class_list":["post-10731","post","type-post","status-publish","format-standard","hentry","category-gaceta"],"acf":[],"_links":{"self":[{"href":"https:\/\/teegro.gob.mx\/sitio2025\/wp-json\/wp\/v2\/posts\/10731","targetHints":{"allow":["GET"]}}],"collection":[{"href":"https:\/\/teegro.gob.mx\/sitio2025\/wp-json\/wp\/v2\/posts"}],"about":[{"href":"https:\/\/teegro.gob.mx\/sitio2025\/wp-json\/wp\/v2\/types\/post"}],"author":[{"embeddable":true,"href":"https:\/\/teegro.gob.mx\/sitio2025\/wp-json\/wp\/v2\/users\/1"}],"replies":[{"embeddable":true,"href":"https:\/\/teegro.gob.mx\/sitio2025\/wp-json\/wp\/v2\/comments?post=10731"}],"version-history":[{"count":4,"href":"https:\/\/teegro.gob.mx\/sitio2025\/wp-json\/wp\/v2\/posts\/10731\/revisions"}],"predecessor-version":[{"id":10735,"href":"https:\/\/teegro.gob.mx\/sitio2025\/wp-json\/wp\/v2\/posts\/10731\/revisions\/10735"}],"wp:attachment":[{"href":"https:\/\/teegro.gob.mx\/sitio2025\/wp-json\/wp\/v2\/media?parent=10731"}],"wp:term":[{"taxonomy":"category","embeddable":true,"href":"https:\/\/teegro.gob.mx\/sitio2025\/wp-json\/wp\/v2\/categories?post=10731"},{"taxonomy":"post_tag","embeddable":true,"href":"https:\/\/teegro.gob.mx\/sitio2025\/wp-json\/wp\/v2\/tags?post=10731"}],"curies":[{"name":"wp","href":"https:\/\/api.w.org\/{rel}","templated":true}]}}