{"id":10736,"date":"2021-03-26T11:00:00","date_gmt":"2021-03-26T17:00:00","guid":{"rendered":"https:\/\/teegro.gob.mx\/inicio\/?p=10736"},"modified":"2023-06-27T16:34:33","modified_gmt":"2023-06-27T21:34:33","slug":"decima-septima-sesion-publica-de-resolucion-3","status":"publish","type":"post","link":"https:\/\/teegro.gob.mx\/sitio2025\/decima-septima-sesion-publica-de-resolucion-3\/","title":{"rendered":"D\u00e9cima S\u00e9ptima Sesi\u00f3n P\u00fablica de Resoluci\u00f3n"},"content":{"rendered":"<!-- VideographyWP Plugin Message: Automatic video embedding prevented by plugin options. -->\n\n<ul>\n<li><a href=\"https:\/\/teegro.gob.mx\/inicio\/wp-content\/uploads\/2021\/03\/Lista260321.pdf\">Orden del d\u00eda<\/a><\/li>\n<li><a href=\"https:\/\/youtu.be\/6OGo1Mddno0\">V\u00eddeo de la Sesi\u00f3n<\/a><\/li>\n<\/ul>\n<h3>Contenido<\/h3>\n<ul>\n<li>TEE\/PES\/007\/2021 Acuerdo plenario &#8211; Claudia Lobato M\u00e9ndez y Lizeth G\u00f3mez Bautista<\/li>\n<li>TEE\/JEC\/031\/2021 Acuerdo plenario &#8211; J. Isabel Arines Hern\u00e1ndez<\/li>\n<li>TEE\/JEC\/032\/2021 Acuerdo plenario &#8211; Salustio Garc\u00eda Dorantes<\/li>\n<li>TEE\/JEC\/066\/2021 Acuerdo plenario &#8211; Isidro Remigio Cant\u00fa<\/li>\n<li>TEE\/PES\/006\/2021 &#8211; Fredd Hern\u00e1ndez Rosas, representente del PRI, ante el consejo Distrital 3 del INE en Guerrero<\/li>\n<li>TEE\/JEC\/027\/2021 &#8211; \u00c1ngel Basurto Ortega<\/li>\n<\/ul>\n<h2><!--more--><\/h2>\n<h3><strong>TEE\/PES\/007\/2021 Acuerdo plenario<\/strong><\/h3>\n<p><strong>Denunciante:<\/strong> Claudia Lobato M\u00e9ndez y Lizeth G\u00f3mez Bautista <\/p>\n<p><strong>Denunciado:<\/strong> Coordinador de la Comisi\u00f3n Operativa Estatal del Partido Movimiento Ciudadano<\/p>\n<p><strong>Descarga:<\/strong> <a href=\"https:\/\/teegro.gob.mx\/inicio\/wp-content\/uploads\/2021\/03\/TEE-PES-007-2021-Acuerdo.pdf\">Descarga<\/a><\/p>\n<h3><strong>TEE\/JEC\/031\/2021 Acuerdo plenario<\/strong><\/h3>\n<p><strong>Actor:<\/strong> J. Isabel Arines Hern\u00e1ndez<\/p>\n<p><strong>Autoridad responsable:<\/strong> Comisi\u00f3n Nacional de Elecciones de Morena<\/p>\n<p><strong>Descarga:<\/strong> <a href=\"https:\/\/teegro.gob.mx\/inicio\/wp-content\/uploads\/2021\/03\/TEE-JEC-031-2021-Acuerdo.pdf\">Descarga<\/a><\/p>\n<h3><strong>TEE\/JEC\/032\/2021 Acuerdo plenario<\/strong><\/h3>\n<p><strong>Actor:<\/strong> Salustio Garc\u00eda Dorantes<\/p>\n<p><strong>Autoridad responsable:<\/strong> Comisi\u00f3n Nacional de Elecciones de Morena<\/p>\n<p><strong>Descarga:<\/strong> <a href=\"https:\/\/teegro.gob.mx\/inicio\/wp-content\/uploads\/2021\/03\/TEE-JEC-032-2021-Acuerdo.pdf\">Descarga<\/a><\/p>\n<h3><strong>TEE\/JEC\/066\/2021 Acuerdo plenario<\/strong><\/h3>\n<p><strong>Actor:<\/strong> Isidro Remigio Cant\u00fa<\/p>\n<p><strong>Autoridad responsable:<\/strong> Longino Julio Hern\u00e1ndez Campos y Patricia Guadalupe Ram\u00edrez Baz\u00e1n<\/p>\n<p><strong>Descarga:<\/strong> <a href=\"https:\/\/teegro.gob.mx\/inicio\/wp-content\/uploads\/2021\/03\/TEE-JEC-066-2020-Acuerdo.pdf\">Descarga<\/a><\/p>\n<h3><strong>TEE\/PES\/006\/2021<\/strong><\/h3>\n<p><strong>Denunciante:<\/strong> Fredd Hern\u00e1ndez Rosas, representente del PRI, ante el consejo Distrital 3 del INE en Guerrero<\/p>\n<p><strong>Denunciada:<\/strong> Ma. del Carmen Cabrera Lagunas, Diputada del Distrito Electoral Federal 3 <\/p>\n<p><strong>Descarga:<\/strong> <a href=\"https:\/\/teegro.gob.mx\/inicio\/wp-content\/uploads\/2021\/03\/TEE-PES-006-2021.pdf\">Descarga<\/a><\/p>\n<h3><strong>TEE\/JEC\/027\/2021<\/strong><\/h3>\n<p><strong>Actor:<\/strong> \u00c1ngel Basurto Ortega<\/p>\n<p><strong>Autoridad responsable:<\/strong> Comisi\u00f3n Nacional de Elecciones de Morena<\/p>\n<p><strong>Descarga:<\/strong> <a href=\"https:\/\/teegro.gob.mx\/inicio\/wp-content\/uploads\/2021\/03\/TEE-JEC-027-2021.pdf\">Descarga<\/a><\/p>\n","protected":false},"excerpt":{"rendered":"<p>Orden del d\u00eda V\u00eddeo de la Sesi\u00f3n Contenido TEE\/PES\/007\/2021 Acuerdo plenario &#8211; Claudia Lobato M\u00e9ndez y Lizeth G\u00f3mez Bautista TEE\/JEC\/031\/2021 Acuerdo plenario &#8211; J. Isabel Arines Hern\u00e1ndez TEE\/JEC\/032\/2021 Acuerdo plenario &#8211; Salustio Garc\u00eda Dorantes TEE\/JEC\/066\/2021 Acuerdo plenario &#8211; Isidro Remigio Cant\u00fa TEE\/PES\/006\/2021 &#8211; Fredd Hern\u00e1ndez Rosas, representente del PRI, ante el consejo Distrital 3 del [&hellip;]<\/p>\n","protected":false},"author":1,"featured_media":0,"comment_status":"open","ping_status":"open","sticky":false,"template":"","format":"standard","meta":{"_acf_changed":false,"footnotes":""},"categories":[210],"tags":[],"class_list":["post-10736","post","type-post","status-publish","format-standard","hentry","category-gaceta"],"acf":[],"_links":{"self":[{"href":"https:\/\/teegro.gob.mx\/sitio2025\/wp-json\/wp\/v2\/posts\/10736","targetHints":{"allow":["GET"]}}],"collection":[{"href":"https:\/\/teegro.gob.mx\/sitio2025\/wp-json\/wp\/v2\/posts"}],"about":[{"href":"https:\/\/teegro.gob.mx\/sitio2025\/wp-json\/wp\/v2\/types\/post"}],"author":[{"embeddable":true,"href":"https:\/\/teegro.gob.mx\/sitio2025\/wp-json\/wp\/v2\/users\/1"}],"replies":[{"embeddable":true,"href":"https:\/\/teegro.gob.mx\/sitio2025\/wp-json\/wp\/v2\/comments?post=10736"}],"version-history":[{"count":2,"href":"https:\/\/teegro.gob.mx\/sitio2025\/wp-json\/wp\/v2\/posts\/10736\/revisions"}],"predecessor-version":[{"id":10738,"href":"https:\/\/teegro.gob.mx\/sitio2025\/wp-json\/wp\/v2\/posts\/10736\/revisions\/10738"}],"wp:attachment":[{"href":"https:\/\/teegro.gob.mx\/sitio2025\/wp-json\/wp\/v2\/media?parent=10736"}],"wp:term":[{"taxonomy":"category","embeddable":true,"href":"https:\/\/teegro.gob.mx\/sitio2025\/wp-json\/wp\/v2\/categories?post=10736"},{"taxonomy":"post_tag","embeddable":true,"href":"https:\/\/teegro.gob.mx\/sitio2025\/wp-json\/wp\/v2\/tags?post=10736"}],"curies":[{"name":"wp","href":"https:\/\/api.w.org\/{rel}","templated":true}]}}