{"id":10739,"date":"2021-03-29T23:00:14","date_gmt":"2021-03-30T05:00:14","guid":{"rendered":"https:\/\/teegro.gob.mx\/inicio\/?p=10739"},"modified":"2023-06-27T16:59:55","modified_gmt":"2023-06-27T21:59:55","slug":"decima-octava-sesion-publica-de-resolucion-2","status":"publish","type":"post","link":"https:\/\/teegro.gob.mx\/sitio2025\/decima-octava-sesion-publica-de-resolucion-2\/","title":{"rendered":"D\u00e9cima Octava Sesi\u00f3n P\u00fablica de Resoluci\u00f3n"},"content":{"rendered":"<!-- VideographyWP Plugin Message: Automatic video embedding prevented by plugin options. -->\n\n<ul>\n<li><a href=\"https:\/\/teegro.gob.mx\/inicio\/wp-content\/uploads\/2021\/03\/Lista29032021-1.pdf\">Orden del d\u00eda<\/a><\/li>\n<li><a href=\"https:\/\/youtu.be\/QuY_BU7MCGI\">V\u00eddeo de la Sesi\u00f3n<\/a><\/li>\n<\/ul>\n<h3>Contenido<\/h3>\n<ul>\n<li>TEE\/JEC\/034\/2021 Acuerdo Plenario &#8211; Felicitas Mart\u00ednez <br>Solano<\/li>\n<li>TEE\/JEC\/029\/2021 Acuerdo Plenario &#8211; Hilda Ruth Lorenzo Hern\u00e1ndez<\/li>\n<li>TEE\/JEC\/035\/2021 Acuerdo Plenario &#8211; Felicitas Mart\u00ednez Solano<\/li>\n<li>TEE\/JEC\/036\/2021 Acuerdo Plenario &#8211; Michel Higuera Ibarra<\/li>\n<li>TEE\/PES\/001\/2020 &#8211; Manuel Alberto Saavedra Ch\u00e1vez, representante del PRI, ante el Consejo General del IEPC<\/li>\n<li>TEE\/PES\/008\/2021 &#8211; No\u00e9 Ortiz Romero, representante suplente del Partido Encuentro Solidario<\/li>\n<\/ul>\n<h2><!--more--><\/h2>\n<h3><strong>TEE\/JEC\/034\/2021 Acuerdo Plenario<\/strong><\/h3>\n<p><strong>Actor:<\/strong> Felicitas Mart\u00ednez Solano<\/p>\n<p><strong>Autoridad responsable:<\/strong> Comisi\u00f3n Nacional de Elecciones de Morena<\/p>\n<p><strong>Descarga:<\/strong> <a href=\"https:\/\/teegro.gob.mx\/inicio\/wp-content\/uploads\/2021\/03\/TEE-JEC-034-2021-acuerdo.pdf\">Descarga<\/a><\/p>\n<h3><strong>TEE\/JEC\/029\/2021 Acuerdo Plenario<\/strong><\/h3>\n<p><strong>Actor:<\/strong> Hilda Ruth Lorenzo Hern\u00e1ndez<\/p>\n<p><strong>Autoridad responsable:<\/strong> Consejo Estatal de Morena en el Estado<\/p>\n<p><strong>Descarga:<\/strong> <a href=\"https:\/\/teegro.gob.mx\/inicio\/wp-content\/uploads\/2021\/03\/TEE-JEC-029-2021-acuerdo.pdf\">Descarga<\/a><\/p>\n<h3><strong>TEE\/JEC\/035\/2021 Acuerdo Plenario<\/strong><\/h3>\n<p><strong>Actor:<\/strong> Felicitas Mart\u00ednez Solano<\/p>\n<p><strong>Autoridad responsable:<\/strong> Comisi\u00f3n Nacional de Elecciones de Morena<\/p>\n<p><strong>Descarga:<\/strong> <a href=\"https:\/\/teegro.gob.mx\/inicio\/wp-content\/uploads\/2021\/03\/TEE-JEC-035-2021-acuerdo.pdf\">Descarga<\/a><\/p>\n<h3><strong>TEE\/JEC\/036\/2021 Acuerdo Plenario<\/strong><\/h3>\n<p><strong>Actor:<\/strong> Michel Higuera Ibarra<\/p>\n<p><strong>Autoridad responsable:<\/strong> Comit\u00e9 Ejecutivo Estatal de Morena y otras<\/p>\n<p><strong>Descarga:<\/strong> <a href=\"https:\/\/teegro.gob.mx\/inicio\/wp-content\/uploads\/2021\/03\/TEE-JEC-036-2021-acuerdo.pdf\">Descarga<\/a><\/p>\n<h3><strong>TEE\/PES\/001\/2020<\/strong><\/h3>\n<p><strong>Denunciado:<\/strong> Manuel Alberto Saavedra Ch\u00e1vez, representante del PRI, ante el Consejo General del IEPC<\/p>\n<p><strong>Denunciado:<\/strong> Norma Otilia Hern\u00e1ndez Mart\u00ednez, Diputada del Congreso del Estado<\/p>\n<p><strong>Descarga:<\/strong> <a href=\"https:\/\/teegro.gob.mx\/inicio\/wp-content\/uploads\/2021\/03\/TEE-PES-001-2020.pdf\">Descarga<\/a><\/p>\n<h3><strong>TEE\/PES\/008\/2021<\/strong><\/h3>\n<p><strong>Denunciante:<\/strong> No\u00e9 Ortiz Romero, representante suplente del Partido Encuentro <br>Solidario<\/p>\n<p><strong>Denunciante:<\/strong> Jorge S\u00e1nchez Allec, Presidente Municipal de Zihuatanejo de Azueta, Guerrero<\/p>\n<p><strong>Descarga:<\/strong> <a href=\"https:\/\/teegro.gob.mx\/inicio\/wp-content\/uploads\/2021\/03\/TEE-PES-008-2021.pdf\">Descarga<\/a><\/p>\n","protected":false},"excerpt":{"rendered":"<p>Orden del d\u00eda V\u00eddeo de la Sesi\u00f3n Contenido TEE\/JEC\/034\/2021 Acuerdo Plenario &#8211; Felicitas Mart\u00ednez Solano TEE\/JEC\/029\/2021 Acuerdo Plenario &#8211; Hilda Ruth Lorenzo Hern\u00e1ndez TEE\/JEC\/035\/2021 Acuerdo Plenario &#8211; Felicitas Mart\u00ednez Solano TEE\/JEC\/036\/2021 Acuerdo Plenario &#8211; Michel Higuera Ibarra TEE\/PES\/001\/2020 &#8211; Manuel Alberto Saavedra Ch\u00e1vez, representante del PRI, ante el Consejo General del IEPC TEE\/PES\/008\/2021 &#8211; No\u00e9 [&hellip;]<\/p>\n","protected":false},"author":1,"featured_media":0,"comment_status":"open","ping_status":"open","sticky":false,"template":"","format":"standard","meta":{"_acf_changed":false,"footnotes":""},"categories":[210],"tags":[],"class_list":["post-10739","post","type-post","status-publish","format-standard","hentry","category-gaceta"],"acf":[],"_links":{"self":[{"href":"https:\/\/teegro.gob.mx\/sitio2025\/wp-json\/wp\/v2\/posts\/10739","targetHints":{"allow":["GET"]}}],"collection":[{"href":"https:\/\/teegro.gob.mx\/sitio2025\/wp-json\/wp\/v2\/posts"}],"about":[{"href":"https:\/\/teegro.gob.mx\/sitio2025\/wp-json\/wp\/v2\/types\/post"}],"author":[{"embeddable":true,"href":"https:\/\/teegro.gob.mx\/sitio2025\/wp-json\/wp\/v2\/users\/1"}],"replies":[{"embeddable":true,"href":"https:\/\/teegro.gob.mx\/sitio2025\/wp-json\/wp\/v2\/comments?post=10739"}],"version-history":[{"count":6,"href":"https:\/\/teegro.gob.mx\/sitio2025\/wp-json\/wp\/v2\/posts\/10739\/revisions"}],"predecessor-version":[{"id":10745,"href":"https:\/\/teegro.gob.mx\/sitio2025\/wp-json\/wp\/v2\/posts\/10739\/revisions\/10745"}],"wp:attachment":[{"href":"https:\/\/teegro.gob.mx\/sitio2025\/wp-json\/wp\/v2\/media?parent=10739"}],"wp:term":[{"taxonomy":"category","embeddable":true,"href":"https:\/\/teegro.gob.mx\/sitio2025\/wp-json\/wp\/v2\/categories?post=10739"},{"taxonomy":"post_tag","embeddable":true,"href":"https:\/\/teegro.gob.mx\/sitio2025\/wp-json\/wp\/v2\/tags?post=10739"}],"curies":[{"name":"wp","href":"https:\/\/api.w.org\/{rel}","templated":true}]}}