{"id":10750,"date":"2021-04-02T11:00:35","date_gmt":"2021-04-02T17:00:35","guid":{"rendered":"https:\/\/teegro.gob.mx\/inicio\/?p=10750"},"modified":"2023-06-28T10:45:23","modified_gmt":"2023-06-28T15:45:23","slug":"vigesima-sesion-publica-de-resolucion-2","status":"publish","type":"post","link":"https:\/\/teegro.gob.mx\/sitio2025\/vigesima-sesion-publica-de-resolucion-2\/","title":{"rendered":"Vig\u00e9sima Sesi\u00f3n P\u00fablica de Resoluci\u00f3n"},"content":{"rendered":"<!-- VideographyWP Plugin Message: Automatic video embedding prevented by plugin options. -->\n\n<ul>\n<li><a href=\"https:\/\/teegro.gob.mx\/inicio\/wp-content\/uploads\/2021\/04\/Lista02042021.pdf\">Orden del d\u00eda<\/a><\/li>\n<li><a href=\"https:\/\/youtu.be\/IwdHR9XpMtM\">V\u00eddeo de la Sesi\u00f3n<\/a><\/li>\n<\/ul>\n<h3>Contenido<\/h3>\n<ul>\n<li>TEE\/JEC\/031\/2021 Acuerdo plenario &#8211; J. Isabel Arines Hern\u00e1ndez<\/li>\n<li>TEE\/PES\/009\/2021 &#8211; Gerardo Antonio Arias M\u00e1rquez, representante suplente del PRI ante el Consejo Distrital Electoral 21 del IEPC.<\/li>\n<\/ul>\n<h2><!--more--><\/h2>\n<h3><strong>TEE\/JEC\/031\/2021 Acuerdo plenario<\/strong><\/h3>\n<p><strong>Actor:<\/strong> J. Isabel Arines Hern\u00e1ndez<\/p>\n<p><strong>Autoridad responsable:<\/strong> Comisi\u00f3n Nacional de Elecciones de Morena<\/p>\n<p><strong>Descarga:<\/strong> <a href=\"https:\/\/teegro.gob.mx\/inicio\/wp-content\/uploads\/2021\/04\/TEE-JEC-031-2021-Acuerdo.pdf\">Descarga<\/a><\/p>\n<h3><strong>TEE\/PES\/009\/2021<\/strong><\/h3>\n<p><strong>Actor:<\/strong> Gerardo Antonio Arias M\u00e1rquez, representante suplente del PRI ante el Consejo Distrital Electoral 21 del IEPC <\/p>\n<p><strong>Autoridad responsable:<\/strong> Marcos Efr\u00e9n Parra G\u00f3mez<\/p>\n<p><strong>Descarga:<\/strong> <a href=\"https:\/\/teegro.gob.mx\/inicio\/wp-content\/uploads\/2021\/04\/TEE-PES-009-2021.pdf\">Descarga<\/a><\/p>\n","protected":false},"excerpt":{"rendered":"<p>Orden del d\u00eda V\u00eddeo de la Sesi\u00f3n Contenido TEE\/JEC\/031\/2021 Acuerdo plenario &#8211; J. Isabel Arines Hern\u00e1ndez TEE\/PES\/009\/2021 &#8211; Gerardo Antonio Arias M\u00e1rquez, representante suplente del PRI ante el Consejo Distrital Electoral 21 del IEPC.<\/p>\n","protected":false},"author":1,"featured_media":0,"comment_status":"open","ping_status":"open","sticky":false,"template":"","format":"standard","meta":{"_acf_changed":false,"footnotes":""},"categories":[210],"tags":[],"class_list":["post-10750","post","type-post","status-publish","format-standard","hentry","category-gaceta"],"acf":[],"_links":{"self":[{"href":"https:\/\/teegro.gob.mx\/sitio2025\/wp-json\/wp\/v2\/posts\/10750","targetHints":{"allow":["GET"]}}],"collection":[{"href":"https:\/\/teegro.gob.mx\/sitio2025\/wp-json\/wp\/v2\/posts"}],"about":[{"href":"https:\/\/teegro.gob.mx\/sitio2025\/wp-json\/wp\/v2\/types\/post"}],"author":[{"embeddable":true,"href":"https:\/\/teegro.gob.mx\/sitio2025\/wp-json\/wp\/v2\/users\/1"}],"replies":[{"embeddable":true,"href":"https:\/\/teegro.gob.mx\/sitio2025\/wp-json\/wp\/v2\/comments?post=10750"}],"version-history":[{"count":3,"href":"https:\/\/teegro.gob.mx\/sitio2025\/wp-json\/wp\/v2\/posts\/10750\/revisions"}],"predecessor-version":[{"id":10753,"href":"https:\/\/teegro.gob.mx\/sitio2025\/wp-json\/wp\/v2\/posts\/10750\/revisions\/10753"}],"wp:attachment":[{"href":"https:\/\/teegro.gob.mx\/sitio2025\/wp-json\/wp\/v2\/media?parent=10750"}],"wp:term":[{"taxonomy":"category","embeddable":true,"href":"https:\/\/teegro.gob.mx\/sitio2025\/wp-json\/wp\/v2\/categories?post=10750"},{"taxonomy":"post_tag","embeddable":true,"href":"https:\/\/teegro.gob.mx\/sitio2025\/wp-json\/wp\/v2\/tags?post=10750"}],"curies":[{"name":"wp","href":"https:\/\/api.w.org\/{rel}","templated":true}]}}