{"id":10754,"date":"2021-04-08T11:00:28","date_gmt":"2021-04-08T16:00:28","guid":{"rendered":"https:\/\/teegro.gob.mx\/inicio\/?p=10754"},"modified":"2023-06-28T14:46:13","modified_gmt":"2023-06-28T19:46:13","slug":"vigesima-primera-sesion-publica-de-resolucion-2","status":"publish","type":"post","link":"https:\/\/teegro.gob.mx\/sitio2025\/vigesima-primera-sesion-publica-de-resolucion-2\/","title":{"rendered":"Vig\u00e9sima Primera Sesi\u00f3n P\u00fablica de Resoluci\u00f3n"},"content":{"rendered":"<!-- VideographyWP Plugin Message: Automatic video embedding prevented by plugin options. -->\n\n<ul>\n<li><a href=\"https:\/\/teegro.gob.mx\/inicio\/wp-content\/uploads\/2021\/04\/Lista08042021.pdf\">Orden del d\u00eda<\/a><\/li>\n<li><a href=\"https:\/\/youtu.be\/P_m1EUs1ehQ\">V\u00eddeo de la Sesi\u00f3n<\/a><\/li>\n<\/ul>\n<h3>Contenido<\/h3>\n<ul>\n<li>TEE\/JEC\/042\/2021 Acuerdo plenario &#8211; Mar\u00eda Ver\u00f3nica Pi\u00f1a Radilla<\/li>\n<li>TEE\/JEC\/010\/2021 Acuerdo plenario &#8211; Demetrio Le\u00f3n \u00c1lvarez<\/li>\n<li>TEE\/JEC\/040\/2021 Acuerdo plenario &#8211; Eloy Villanueva Moreno<\/li>\n<li>TEE\/JEC\/039\/2021 &#8211; Laurentino Zeferino S\u00e1nchez<\/li>\n<\/ul>\n<h2><!--more--><\/h2>\n<h3><strong>TEE\/JEC\/042\/2021 Acuerdo plenario<\/strong><\/h3>\n<p><strong>Actor:<\/strong> Mar\u00eda Ver\u00f3nica Pi\u00f1a Radilla<\/p>\n<p><strong>Autoridad responsable:<\/strong> Comit\u00e9 Ejecutivo Nacional y otros <\/p>\n<p><strong>Descarga:<\/strong> <a href=\"https:\/\/teegro.gob.mx\/inicio\/wp-content\/uploads\/2021\/04\/TEE-JEC-42-2021.pdf\">Descarga<\/a><\/p>\n<h3><strong>TEE\/JEC\/010\/2021 Acuerdo plenario<\/strong><\/h3>\n<p><strong>Actor:<\/strong> Demetrio Le\u00f3n \u00c1lvarez<\/p>\n<p><strong>Autoridad responsable:<\/strong><\/p>\n<p><strong>Descarga:<\/strong> <a href=\"https:\/\/teegro.gob.mx\/inicio\/wp-content\/uploads\/2021\/04\/TEE-JEC-010-2021-Acuerdo.pdf\">Descarga<\/a><\/p>\n<h3><strong>TEE\/JEC\/040\/2021 Acuerdo plenario<\/strong><\/h3>\n<p><strong>Actor:<\/strong> Eloy Villanueva Moreno<\/p>\n<p><strong>Autoridad responsable:<\/strong><\/p>\n<p><strong>Descarga:<\/strong> Retirado<\/p>\n<h3><strong>TEE<\/strong>\/JEC\/039\/2021<\/h3>\n<p><strong>Actor:<\/strong> Laurentino Zeferino S\u00e1nchez<\/p>\n<p><strong>Autoridad responsable:<\/strong><\/p>\n<p><strong>Descarga:<\/strong> <a href=\"https:\/\/teegro.gob.mx\/inicio\/wp-content\/uploads\/2021\/04\/TEE-JEC-039-2021.pdf\">Descarga<\/a><\/p>\n","protected":false},"excerpt":{"rendered":"<p>Orden del d\u00eda V\u00eddeo de la Sesi\u00f3n Contenido TEE\/JEC\/042\/2021 Acuerdo plenario &#8211; Mar\u00eda Ver\u00f3nica Pi\u00f1a Radilla TEE\/JEC\/010\/2021 Acuerdo plenario &#8211; Demetrio Le\u00f3n \u00c1lvarez TEE\/JEC\/040\/2021 Acuerdo plenario &#8211; Eloy Villanueva Moreno TEE\/JEC\/039\/2021 &#8211; Laurentino Zeferino S\u00e1nchez<\/p>\n","protected":false},"author":1,"featured_media":0,"comment_status":"open","ping_status":"open","sticky":false,"template":"","format":"standard","meta":{"_acf_changed":false,"footnotes":""},"categories":[210],"tags":[],"class_list":["post-10754","post","type-post","status-publish","format-standard","hentry","category-gaceta"],"acf":[],"_links":{"self":[{"href":"https:\/\/teegro.gob.mx\/sitio2025\/wp-json\/wp\/v2\/posts\/10754","targetHints":{"allow":["GET"]}}],"collection":[{"href":"https:\/\/teegro.gob.mx\/sitio2025\/wp-json\/wp\/v2\/posts"}],"about":[{"href":"https:\/\/teegro.gob.mx\/sitio2025\/wp-json\/wp\/v2\/types\/post"}],"author":[{"embeddable":true,"href":"https:\/\/teegro.gob.mx\/sitio2025\/wp-json\/wp\/v2\/users\/1"}],"replies":[{"embeddable":true,"href":"https:\/\/teegro.gob.mx\/sitio2025\/wp-json\/wp\/v2\/comments?post=10754"}],"version-history":[{"count":4,"href":"https:\/\/teegro.gob.mx\/sitio2025\/wp-json\/wp\/v2\/posts\/10754\/revisions"}],"predecessor-version":[{"id":10758,"href":"https:\/\/teegro.gob.mx\/sitio2025\/wp-json\/wp\/v2\/posts\/10754\/revisions\/10758"}],"wp:attachment":[{"href":"https:\/\/teegro.gob.mx\/sitio2025\/wp-json\/wp\/v2\/media?parent=10754"}],"wp:term":[{"taxonomy":"category","embeddable":true,"href":"https:\/\/teegro.gob.mx\/sitio2025\/wp-json\/wp\/v2\/categories?post=10754"},{"taxonomy":"post_tag","embeddable":true,"href":"https:\/\/teegro.gob.mx\/sitio2025\/wp-json\/wp\/v2\/tags?post=10754"}],"curies":[{"name":"wp","href":"https:\/\/api.w.org\/{rel}","templated":true}]}}