{"id":10759,"date":"2023-06-28T14:46:59","date_gmt":"2023-06-28T19:46:59","guid":{"rendered":"https:\/\/teegro.gob.mx\/inicio\/?p=10759"},"modified":"2023-06-29T16:42:08","modified_gmt":"2023-06-29T21:42:08","slug":"decima-octava-sesion-publica-de-resolucion-3","status":"publish","type":"post","link":"https:\/\/teegro.gob.mx\/sitio2025\/decima-octava-sesion-publica-de-resolucion-3\/","title":{"rendered":"D\u00e9cima Octava Sesi\u00f3n P\u00fablica de Resoluci\u00f3n"},"content":{"rendered":"<!-- VideographyWP Plugin Message: Automatic video embedding prevented by plugin options. -->\n\n<ul>\n<li><a href=\"https:\/\/teegro.gob.mx\/inicio\/wp-content\/uploads\/2023\/06\/Lista290623.pdf\">Orden del d\u00eda<\/a><\/li>\n<li><a href=\"https:\/\/youtu.be\/XzMxw0sPWrU\">V\u00eddeo de la Sesi\u00f3n<\/a><\/li>\n<\/ul>\n<h3>Contenido<\/h3>\n<ul>\n<li>TEE\/SSI\/JEC\/002\/2017 Acuerdo Plenario &#8211; Benito S\u00e1nchez Ayala y otras personas<\/li>\n<li>TEE\/JEC\/015\/2023 y acumulado. Acuerdo Plenario &#8211; Roberta Castro de los Santos y otras personas<\/li>\n<li>TEE\/RAP\/006\/2023 &#8211; Representante Legal de la Organizaci\u00f3n Ciudadana \u201cGuerrero Pobre A. C.\u201d.<\/li>\n<li>TEE\/JEC\/033\/2023 &#8211; Silvia Alem\u00e1n Mundo y otro.<\/li>\n<li>TEE\/JEC\/027\/2023 &#8211; Bruno Calixto R\u00edos D\u00edaz<\/li>\n<\/ul>\n<p><!--more--><\/p>\n<h3><strong>TEE\/<\/strong>SSI\/JEC\/002\/2017 Acuerdo Plenario<\/h3>\n<p><strong>Actor:<\/strong> Benito S\u00e1nchez Ayala y otras personas<\/p>\n<p><strong>Autoridad responsable:<\/strong> Ayuntamiento de M\u00e1rtir de Cuilapan, Guerrero<\/p>\n<p><strong>Descarga:<\/strong> <a href=\"https:\/\/teegro.gob.mx\/inicio\/wp-content\/uploads\/2023\/06\/TEE-SSI-JEC-002-2017-Acuerdo.pdf\">Descarga<\/a><\/p>\n<h3><strong>TEE\/<\/strong>JEC\/015\/2023 y acumulado. Acuerdo Plenario<\/h3>\n<p><strong>Actor:<\/strong> Roberta Castro de los Santos y otras personas<\/p>\n<p><strong>Autoridad responsable:<\/strong> Comisi\u00f3n Permanente y Pleno de la Sexag\u00e9sima Tercera Legislatura del Congreso del Estado de Guerrero y otra.<\/p>\n<p><strong>Descarga:<\/strong> <a href=\"https:\/\/teegro.gob.mx\/inicio\/wp-content\/uploads\/2023\/06\/TEE-JEC-015-2023-Acuerdo-1.pdf\">Descarga<\/a><\/p>\n<h3><strong>TEE\/RAP\/006\/2023<\/strong><\/h3>\n<p><strong>Actor:<\/strong> Representante Legal de la Organizaci\u00f3n Ciudadana \u201cGuerrero Pobre A. C.\u201d.<\/p>\n<p><strong>Autoridad responsable:<\/strong> Consejo General del Instituto Electoral y de Participaci\u00f3n Ciudadana del Estado de Guerrero.<\/p>\n<p><strong>Descarga:<\/strong> <a href=\"https:\/\/teegro.gob.mx\/inicio\/wp-content\/uploads\/2023\/06\/TEE-RAP-006-2023.pdf\">Descarga<\/a><\/p>\n<h3><strong>TEE\/JEC\/033\/2023<\/strong><\/h3>\n<p><strong>Actor:<\/strong> Silvia Alem\u00e1n Mundo y otro.<\/p>\n<p><strong>Autoridad responsable:<\/strong> Tribunal Universitario de la Universidad Aut\u00f3noma de Guerrero.<\/p>\n<p><strong>Descarga:<\/strong> <a href=\"https:\/\/teegro.gob.mx\/inicio\/wp-content\/uploads\/2023\/06\/TEE-JEC-033-2023.pdf\">Descarga<\/a><\/p>\n<h3><strong>TEE\/JEC\/027\/2023<\/strong><\/h3>\n<p><strong>Actor:<\/strong> Bruno Calixto R\u00edos D\u00edaz&nbsp;<\/p>\n<p><strong>Autoridad responsable:<\/strong> Comisi\u00f3n de Justicia del Consejo Nacional del PAN<\/p>\n<p><strong>Descarga:<\/strong> <a href=\"https:\/\/teegro.gob.mx\/inicio\/wp-content\/uploads\/2023\/06\/TEE-JEC-027-2023.pdf\">Descarga<\/a><\/p>\n<p>\u200b<\/p>\n","protected":false},"excerpt":{"rendered":"<p>Orden del d\u00eda V\u00eddeo de la Sesi\u00f3n Contenido TEE\/SSI\/JEC\/002\/2017 Acuerdo Plenario &#8211; Benito S\u00e1nchez Ayala y otras personas TEE\/JEC\/015\/2023 y acumulado. Acuerdo Plenario &#8211; Roberta Castro de los Santos y otras personas TEE\/RAP\/006\/2023 &#8211; Representante Legal de la Organizaci\u00f3n Ciudadana \u201cGuerrero Pobre A. C.\u201d. TEE\/JEC\/033\/2023 &#8211; Silvia Alem\u00e1n Mundo y otro. TEE\/JEC\/027\/2023 &#8211; Bruno Calixto [&hellip;]<\/p>\n","protected":false},"author":1,"featured_media":0,"comment_status":"open","ping_status":"open","sticky":false,"template":"","format":"standard","meta":{"_acf_changed":false,"footnotes":""},"categories":[210],"tags":[],"class_list":["post-10759","post","type-post","status-publish","format-standard","hentry","category-gaceta"],"acf":[],"_links":{"self":[{"href":"https:\/\/teegro.gob.mx\/sitio2025\/wp-json\/wp\/v2\/posts\/10759","targetHints":{"allow":["GET"]}}],"collection":[{"href":"https:\/\/teegro.gob.mx\/sitio2025\/wp-json\/wp\/v2\/posts"}],"about":[{"href":"https:\/\/teegro.gob.mx\/sitio2025\/wp-json\/wp\/v2\/types\/post"}],"author":[{"embeddable":true,"href":"https:\/\/teegro.gob.mx\/sitio2025\/wp-json\/wp\/v2\/users\/1"}],"replies":[{"embeddable":true,"href":"https:\/\/teegro.gob.mx\/sitio2025\/wp-json\/wp\/v2\/comments?post=10759"}],"version-history":[{"count":6,"href":"https:\/\/teegro.gob.mx\/sitio2025\/wp-json\/wp\/v2\/posts\/10759\/revisions"}],"predecessor-version":[{"id":10791,"href":"https:\/\/teegro.gob.mx\/sitio2025\/wp-json\/wp\/v2\/posts\/10759\/revisions\/10791"}],"wp:attachment":[{"href":"https:\/\/teegro.gob.mx\/sitio2025\/wp-json\/wp\/v2\/media?parent=10759"}],"wp:term":[{"taxonomy":"category","embeddable":true,"href":"https:\/\/teegro.gob.mx\/sitio2025\/wp-json\/wp\/v2\/categories?post=10759"},{"taxonomy":"post_tag","embeddable":true,"href":"https:\/\/teegro.gob.mx\/sitio2025\/wp-json\/wp\/v2\/tags?post=10759"}],"curies":[{"name":"wp","href":"https:\/\/api.w.org\/{rel}","templated":true}]}}