{"id":10764,"date":"2021-04-13T11:00:15","date_gmt":"2021-04-13T16:00:15","guid":{"rendered":"https:\/\/teegro.gob.mx\/inicio\/?p=10764"},"modified":"2023-06-28T16:38:49","modified_gmt":"2023-06-28T21:38:49","slug":"vigesima-segunda-sesion-publica-de-resolucion-2","status":"publish","type":"post","link":"https:\/\/teegro.gob.mx\/sitio2025\/vigesima-segunda-sesion-publica-de-resolucion-2\/","title":{"rendered":"Vig\u00e9sima Segunda Sesi\u00f3n P\u00fablica de Resoluci\u00f3n"},"content":{"rendered":"<!-- VideographyWP Plugin Message: Automatic video embedding prevented by plugin options. -->\n\n<ul>\n<li><a href=\"https:\/\/teegro.gob.mx\/inicio\/wp-content\/uploads\/2021\/04\/Lista13042021.pdf\">Orden del d\u00eda<\/a><\/li>\n<li><a href=\"https:\/\/youtu.be\/0XbxVu5ZDPI\">V\u00eddeo de la Sesi\u00f3n<\/a><\/li>\n<\/ul>\n<h3>Contenido<\/h3>\n<ul>\n<li>TEE\/PES\/007\/2021 Acuerdo plenario &#8211; Claudia Lobato M\u00e9ndez y Lizeth G\u00f3mez Bautista<\/li>\n<li>TEE\/AG\/003\/2021 Acuerdo plenario &#8211; Jos\u00e9 Rutilio Saavedra Ortega<\/li>\n<li>TEE\/JEC\/035\/2021 Acuerdo plenario &#8211; Fel\u00edcitas Mart\u00ednez Solano<\/li>\n<li>TEE\/JEC\/026\/2021 Acuerdo plenario &#8211; H\u00e9ctor Andr\u00e9s P\u00e9rez Delgado<\/li>\n<li>TEE\/JEC\/032\/2021 Acuerdo plenario &#8211; Salustio Garc\u00eda Dorantes<\/li>\n<li>TEE\/JEC\/036\/2021 Acuerdo plenario &#8211; Michel Higuera Ibarra<\/li>\n<li>TEE\/JEC\/041\/2021 &#8211; Salustio Garc\u00eda Dorantes<\/li>\n<li>TEE\/PES\/011\/2021 &#8211; Gerardo Antonio Arias M\u00e1rquez, representante del PRI ante el Consejo Distrital 21 del IEPC<\/li>\n<li>TEE\/RAP\/008\/2021 &#8211; Presidente del Comit\u00e9 Directivo Estatal del PES<\/li>\n<li>TEE\/JEC\/037\/2021 &#8211; Yadira Fabiola Nieto Diaz<\/li>\n<li>TEE\/JEC\/038\/2021 &#8211; J. Isabel Arines Hern\u00e1ndez<\/li>\n<li>TEE\/JEC\/044\/2021 &#8211; Claudia Sierra P\u00e9rez<\/li>\n<li>TEE\/JEC\/040\/2021 &#8211; Eloy Villanueva Moreno<\/li>\n<li>TEE\/JEC\/045\/2021 &#8211; Olga Sosa Garc\u00eda<\/li>\n<li>TEE\/PES\/010\/2021 &#8211; Adriana Corina Gama Beltr\u00e1n, representante del PT, ante el Consejo Distrital 21 del IEPC<\/li>\n<li>TEE\/LCT\/004\/2021 &#8211; Te\u00f3filo S\u00e1nchez Carbajal<\/li>\n<\/ul>\n<h2><!--more--><\/h2>\n<h3><strong>TEE\/PES\/007\/2021 Acuerdo plenario<\/strong><\/h3>\n<p><strong>Actor:<\/strong> Claudia Lobato M\u00e9ndez y Lizeth G\u00f3mez Bautista<\/p>\n<p><strong>Autoridad responsable:<\/strong> Comisi\u00f3n Operativa Estatal del MC<\/p>\n<p><strong>Descarga:<\/strong> <a href=\"https:\/\/teegro.gob.mx\/inicio\/wp-content\/uploads\/2021\/04\/TEE-PES-007-2021-Acuerdo.pdf\">Descarga<\/a><\/p>\n<h3><strong>TEE\/AG\/003\/2021 Acuerdo plenario<br><\/strong><\/h3>\n<p><strong>Actor:<\/strong> Jos\u00e9 Rutilio Saavedra Ortega<\/p>\n<p><strong>&nbsp;Autoridad responsable:<\/strong> &#8211; &#8211; &#8211;<\/p>\n<p><strong>Descarga:<\/strong> <a href=\"https:\/\/teegro.gob.mx\/inicio\/wp-content\/uploads\/2021\/04\/TEE-AG-003-2021-Acuerdo.pdf\">Descarga<\/a><\/p>\n<h3><strong>TEE\/JEC\/035\/2021 Acuerdo plenario<\/strong><\/h3>\n<p><strong>Actor:<\/strong> Fel\u00edcitas Mart\u00ednez Solano<\/p>\n<p><strong>Autoridad responsable:<\/strong> Comisi\u00f3n Nacional de Elecciones de Morena<\/p>\n<p><strong>Descarga:<\/strong> <a href=\"https:\/\/teegro.gob.mx\/inicio\/wp-content\/uploads\/2021\/04\/TEE-JEC-035-2021-Acuerdo.pdf\">Descarga<\/a><\/p>\n<h3><strong>TEE\/JEC\/026\/2021 Acuerdo plenario<\/strong><\/h3>\n<p><strong>Actor:<\/strong> H\u00e9ctor Andr\u00e9s P\u00e9rez Delgado<\/p>\n<p><strong>Autoridad responsable:<\/strong> Consejo Estatal de Morena<\/p>\n<p><strong>Descarga:<\/strong> <a href=\"https:\/\/teegro.gob.mx\/inicio\/wp-content\/uploads\/2021\/04\/TEE-JEC-026-2021-Acuerdo.pdf\">Descarga<\/a><\/p>\n<h3><strong>TEE\/JEC\/032\/2021 Acuerdo plenario&nbsp;<\/strong><\/h3>\n<p><strong>Actor:<\/strong> Salustio Garc\u00eda Dorantes<\/p>\n<p><strong>Autoridad responsable:<\/strong> Comisi\u00f3n Nacional de Elecciones de Morena<\/p>\n<p><strong>Descarga:<\/strong> <a href=\"https:\/\/teegro.gob.mx\/inicio\/wp-content\/uploads\/2021\/04\/TEE-JEC-032-2021-Acuerdo.pdf\">Descarga<\/a><\/p>\n<h3><strong>TEE\/JEC\/036\/2021 Acuerdo plenario<\/strong><\/h3>\n<p><strong>Actor:<\/strong> Michel Higuera Ibarra<\/p>\n<p><strong>Autoridad responsable:<\/strong> Comit\u00e9 Ejecutivo Estatal de Morena y Otros<\/p>\n<p><strong>Descarga:<\/strong> <a href=\"https:\/\/teegro.gob.mx\/inicio\/wp-content\/uploads\/2021\/04\/TEE-JEC-036-2021-Acuerdo.pdf\">Descarga<\/a><\/p>\n<h3><strong>TEE\/JEC\/041\/2021<\/strong><\/h3>\n<p><strong>Actor:<\/strong> Salustio Garc\u00eda Dorantes<\/p>\n<p><strong>Autoridad responsable:<\/strong> Comisi\u00f3n Nacional de Honestidad y Justicia de Morena<\/p>\n<p><strong>Descarga:<\/strong> <a href=\"https:\/\/teegro.gob.mx\/inicio\/wp-content\/uploads\/2021\/04\/TEE-JEC-041-2021.pdf\">Descarga<\/a><\/p>\n<h3><strong>TEE\/PES\/011\/2021&nbsp;<\/strong><\/h3>\n<p><strong>Actor:<\/strong> Gerardo Antonio Arias M\u00e1rquez, representante del PRI ante el Consejo Distrital 21 del IEPC<\/p>\n<p><strong>Autoridad responsable:<\/strong> Marcos Efr\u00e9n Parra G\u00f3mez, Presidente Municipal del de Taxco de Alarc\u00f3n, Guerrero.<\/p>\n<p><strong>Descarga:<\/strong> <a href=\"https:\/\/teegro.gob.mx\/inicio\/wp-content\/uploads\/2021\/04\/TEE-PES-011-2021.pdf\">Descarga<\/a><\/p>\n<h3><strong>TEE\/RAP\/008\/2021&nbsp;<\/strong><\/h3>\n<p><strong>Actor:<\/strong> Presidente del Comit\u00e9 Directivo Estatal del PES<\/p>\n<p><strong>Autoridad responsable:<\/strong> Secretario Ejecutivo del IEPC<\/p>\n<p><strong>Descarga:<\/strong> <a href=\"https:\/\/teegro.gob.mx\/inicio\/wp-content\/uploads\/2021\/04\/TEE-RAP-008-2021.pdf\">Descarga<\/a><\/p>\n<h3><strong>TEE\/JEC\/037\/2021&nbsp;<\/strong><\/h3>\n<p><strong>Actor:<\/strong> Yadira Fabiola Nieto Diaz<\/p>\n<p><strong>Autoridad responsable:<\/strong> Consejo General del IEPC<\/p>\n<p><strong>Descarga:<\/strong> Retirado<\/p>\n<h3><strong>TEE\/JEC\/038\/2021&nbsp;<\/strong><\/h3>\n<p><strong>Actor:<\/strong> J. Isabel Arines Hern\u00e1ndez<\/p>\n<p><strong>Autoridad responsable:<\/strong> Comisi\u00f3n Nacional de Honestidad y Justicia de Morena<\/p>\n<p><strong>Descarga:<\/strong> <a href=\"https:\/\/teegro.gob.mx\/inicio\/wp-content\/uploads\/2021\/04\/TEE-JEC-038-2021.pdf\">Descarga<\/a><\/p>\n<h3><strong>TEE\/JEC\/044\/2021&nbsp;<\/strong><\/h3>\n<p><strong>Actor:<\/strong> Claudia Sierra P\u00e9rez<\/p>\n<p><strong>Autoridad responsable:<\/strong> Comisi\u00f3n Nacional de Honestidad y Justicia de Morena<\/p>\n<p><strong>Descarga:<\/strong> <a href=\"https:\/\/teegro.gob.mx\/inicio\/wp-content\/uploads\/2021\/04\/TEE-JEC-044-2021.pdf\">Descarga<\/a><\/p>\n<h3><strong>TEE\/JEC\/040\/2021<\/strong><\/h3>\n<p><strong>Actor:<\/strong> Eloy Villanueva Moreno<\/p>\n<p><strong>Autoridad responsable:<\/strong> Comisi\u00f3n Estatal de Justicia Partidaria del PRI<\/p>\n<p><strong>Descarga:<\/strong> <a href=\"https:\/\/teegro.gob.mx\/inicio\/wp-content\/uploads\/2021\/04\/TEE-JEC-040-2021.pdf\">Descarga<\/a><\/p>\n<h3><strong>TEE\/JEC\/045\/2021<\/strong><\/h3>\n<p><strong>Actor:<\/strong> Olga Sosa Garc\u00eda<\/p>\n<p><strong>Autoridad responsable:<\/strong> Coordinaci\u00f3n de lo Contencioso Electoral del IEPC Guerrero<\/p>\n<p><strong>Descarga:<\/strong> <a href=\"https:\/\/teegro.gob.mx\/inicio\/wp-content\/uploads\/2021\/04\/TEE-JEC-045-2021.pdf\">Descarga<\/a><\/p>\n<h3><strong>TEE\/PES\/010\/2021<\/strong><\/h3>\n<p><strong>Actor:<\/strong> Adriana Corina Gama Beltr\u00e1n, representante del PT, ante el Consejo Distrital 21 del IEPC<\/p>\n<p><strong>Autoridad responsable:<\/strong> Marcos Efr\u00e9n Parra G\u00f3mez, Presidente Municipal del de Taxco de Alarc\u00f3n, Guerrero. <\/p>\n<p><strong>Descarga:<\/strong> <a href=\"https:\/\/teegro.gob.mx\/inicio\/wp-content\/uploads\/2021\/04\/TEE-PES-010-2021.pdf\">Descarga<\/a><\/p>\n<h3><strong>TEE\/LCT\/004\/2021&nbsp;<\/strong><\/h3>\n<p><strong>Actor:<\/strong> Te\u00f3filo S\u00e1nchez Carbajal<\/p>\n<p><strong>Autoridad responsable:<\/strong> Tribunal Electoral del Estado de Guerrero<\/p>\n","protected":false},"excerpt":{"rendered":"<p>Orden del d\u00eda V\u00eddeo de la Sesi\u00f3n Contenido TEE\/PES\/007\/2021 Acuerdo plenario &#8211; Claudia Lobato M\u00e9ndez y Lizeth G\u00f3mez Bautista TEE\/AG\/003\/2021 Acuerdo plenario &#8211; Jos\u00e9 Rutilio Saavedra Ortega TEE\/JEC\/035\/2021 Acuerdo plenario &#8211; Fel\u00edcitas Mart\u00ednez Solano TEE\/JEC\/026\/2021 Acuerdo plenario &#8211; H\u00e9ctor Andr\u00e9s P\u00e9rez Delgado TEE\/JEC\/032\/2021 Acuerdo plenario &#8211; Salustio Garc\u00eda Dorantes TEE\/JEC\/036\/2021 Acuerdo plenario &#8211; Michel Higuera [&hellip;]<\/p>\n","protected":false},"author":1,"featured_media":0,"comment_status":"open","ping_status":"open","sticky":false,"template":"","format":"standard","meta":{"_acf_changed":false,"footnotes":""},"categories":[210],"tags":[],"class_list":["post-10764","post","type-post","status-publish","format-standard","hentry","category-gaceta"],"acf":[],"_links":{"self":[{"href":"https:\/\/teegro.gob.mx\/sitio2025\/wp-json\/wp\/v2\/posts\/10764","targetHints":{"allow":["GET"]}}],"collection":[{"href":"https:\/\/teegro.gob.mx\/sitio2025\/wp-json\/wp\/v2\/posts"}],"about":[{"href":"https:\/\/teegro.gob.mx\/sitio2025\/wp-json\/wp\/v2\/types\/post"}],"author":[{"embeddable":true,"href":"https:\/\/teegro.gob.mx\/sitio2025\/wp-json\/wp\/v2\/users\/1"}],"replies":[{"embeddable":true,"href":"https:\/\/teegro.gob.mx\/sitio2025\/wp-json\/wp\/v2\/comments?post=10764"}],"version-history":[{"count":15,"href":"https:\/\/teegro.gob.mx\/sitio2025\/wp-json\/wp\/v2\/posts\/10764\/revisions"}],"predecessor-version":[{"id":10779,"href":"https:\/\/teegro.gob.mx\/sitio2025\/wp-json\/wp\/v2\/posts\/10764\/revisions\/10779"}],"wp:attachment":[{"href":"https:\/\/teegro.gob.mx\/sitio2025\/wp-json\/wp\/v2\/media?parent=10764"}],"wp:term":[{"taxonomy":"category","embeddable":true,"href":"https:\/\/teegro.gob.mx\/sitio2025\/wp-json\/wp\/v2\/categories?post=10764"},{"taxonomy":"post_tag","embeddable":true,"href":"https:\/\/teegro.gob.mx\/sitio2025\/wp-json\/wp\/v2\/tags?post=10764"}],"curies":[{"name":"wp","href":"https:\/\/api.w.org\/{rel}","templated":true}]}}