{"id":10780,"date":"2021-04-20T11:00:00","date_gmt":"2021-04-20T16:00:00","guid":{"rendered":"https:\/\/teegro.gob.mx\/inicio\/?p=10780"},"modified":"2023-07-03T14:15:03","modified_gmt":"2023-07-03T19:15:03","slug":"vigesima-tercera-sesion-publica-de-resolucion-2","status":"publish","type":"post","link":"https:\/\/teegro.gob.mx\/sitio2025\/vigesima-tercera-sesion-publica-de-resolucion-2\/","title":{"rendered":"Vig\u00e9sima Tercera Sesi\u00f3n P\u00fablica de Resoluci\u00f3n"},"content":{"rendered":"<!-- VideographyWP Plugin Message: Automatic video embedding prevented by plugin options. -->\n\n<ul>\n<li><a href=\"https:\/\/teegro.gob.mx\/inicio\/wp-content\/uploads\/2021\/04\/Lista_200421.pdf\">Orden del d\u00eda<\/a><\/li>\n<li><a href=\"https:\/\/teegro.gob.mx\/inicio\/wp-content\/uploads\/2021\/04\/complementaria200421.pdf\">Complementaria<\/a><\/li>\n<li><a href=\"https:\/\/youtu.be\/h7A-ac8Sj8w\">V\u00eddeo de la Sesi\u00f3n<\/a><\/li>\n<\/ul>\n<h3>Contenido<\/h3>\n<ul>\n<li>TEE\/JEC\/061\/2021 Acuerdo plenario &#8211; Juan Carlos P\u00e9rez Gonz\u00e1lez y otras persona<\/li>\n<li>TEE\/JEC\/067\/2021 Acuerdo plenario &#8211; Miguel Santiago Lorenzo<\/li>\n<li>TEE\/JEC\/071\/2021 Acuerdo plenario &#8211; V\u00edctor Jord\u00e1n \u00c1lvarez<\/li>\n<li>TEE\/JEC\/072\/2021 Acuerdo plenario &#8211; Irving Misael Jord\u00e1n Bello<\/li>\n<li>TEE\/JEC\/081\/2021 Acuerdo plenario &#8211; Bol\u00edvar Garc\u00eda Aguirre<\/li>\n<li>TEE\/JEC\/062\/2021 Acuerdo plenario &#8211; Luis Adri\u00e1n Ireta Sol\u00eds<\/li>\n<li>TEE\/JEC\/068\/2021 Acuerdo plenario &#8211; Jes\u00fas S\u00e1nchez L\u00f3pez y otras personas<\/li>\n<li>TEE\/JEC\/065\/2021 Acuerdo plenario &#8211; Javier V\u00e1zquez Garc\u00eda<\/li>\n<li>TEE\/JEC\/060\/2021 Acuerdo plenario &#8211; Silvia Alem\u00e1n Mundo<\/li>\n<li>TEE\/JEC\/066\/2021 Acuerdo plenario &#8211; Paula S\u00e1nchez Jim\u00e9nez<\/li>\n<li>TEE\/JEC\/069\/2021 Acuerdo plenario &#8211; Antonio P\u00e9rez D\u00edaz<\/li>\n<li>TEE\/JEC\/075\/2021 Acuerdo plenario &#8211; Elizabeth Marina Hern\u00e1ndez de la Garza y otras personas<\/li>\n<li>TEE\/JEC\/080\/2021 Acuerdo plenario &#8211; Israel Alejandro Fern\u00e1ndez Jaimes y otras personas<\/li>\n<li>TEE\/JEC\/046\/2021 &#8211; Laurentino Zeferino S\u00e1nchez<\/li>\n<li>TEE\/JEC\/052\/2021 &#8211; Merced Baldovino Diego<\/li>\n<li>TEE\/JEC\/058\/2021 &#8211; Michel Higuera Ibarra<\/li>\n<li>TEE\/JEC\/033\/2021 &#8211; Sergio Montes Carrillo<\/li>\n<li>TEE\/JEC\/037\/2021 &#8211; Yadira Fabiola Nieto D\u00edaz<\/li>\n<li>TEE\/JEC\/047\/2021 &#8211; Eloy Villanueva Moreno<\/li>\n<li>TEE\/JEC\/043\/2021 &#8211; J. F\u00e9lix Salgado Macedonio<\/li>\n<li>TEE\/JEC\/048\/2021 &#8211; Felicitas Mart\u00ednez Solano<\/li>\n<li>TEE\/RAP\/009\/2021 &#8211; Carlos Alberto Villalpando Milian, representante del partido Morena<\/li>\n<li>TEE\/JEC\/049\/2021 y Acumulados &#8211; Salustio Garc\u00eda Dorantes y otros<\/li>\n<li>TEE\/JEC\/076\/2021 &#8211; Mariana F\u00e9lix Garc\u00eda<\/li>\n<li>TEE\/JEC\/077\/2021 &#8211; Felipe Rojas Garc\u00eda<\/li>\n<li>TEE\/JEC\/050\/2021 &#8211; Jes\u00fas G\u00f3mez L\u00f3pez<\/li>\n<li>TEE\/RAP\/010\/2021 &#8211; Manuel Alberto Saavedra Ch\u00e1vez representante del partido PRl<\/li>\n<\/ul>\n<p><strong>Complementaria<\/strong><\/p>\n<ul>\n<li>TEE\/JEC\/079\/2021 Acuerdo &#8211; Antonio de Jes\u00fas Mart\u00ednez \u00c1ngel<\/li>\n<\/ul>\n<h2><!--more--><\/h2>\n<h3><strong>TEE\/JEC\/061\/2021 Acuerdo plenario<\/strong><\/h3>\n<p><strong>Actor:<\/strong> Juan Carlos P\u00e9rez Gonz\u00e1lez y otras persona<\/p>\n<p><strong>Autoridad responsable:<\/strong> Comisi\u00f3n Nacional de Elecciones de Morena<\/p>\n<p><strong>Descarga:<\/strong> <a href=\"https:\/\/teegro.gob.mx\/inicio\/wp-content\/uploads\/2021\/04\/TEE-JEC-061-2021-Acuerdo.pdf\">Descarga<\/a><\/p>\n<h3><strong>TEE\/JEC\/067\/2021 Acuerdo plenario<\/strong><\/h3>\n<p><strong>Actor:<\/strong> Miguel Santiago Lorenzo <\/p>\n<p><strong>Autoridad responsable:<\/strong> Comisi\u00f3n Nacional de Elecciones de Morena<\/p>\n<p><strong>Descarga:<\/strong> <a href=\"https:\/\/teegro.gob.mx\/inicio\/wp-content\/uploads\/2021\/04\/TEE-JEC-067-2021-Acuerdo.pdf\">Descarga<\/a><\/p>\n<h3><strong>TEE\/JEC\/071\/2021 Acuerdo plenario<\/strong><\/h3>\n<p><strong>Actor:<\/strong> V\u00edctor Jord\u00e1n \u00c1lvarez<\/p>\n<p><strong>Autoridad responsable:<\/strong> Comisi\u00f3n Nacional de Elecciones de Morena<\/p>\n<p><strong>Descarga:<\/strong> <a href=\"https:\/\/teegro.gob.mx\/inicio\/wp-content\/uploads\/2021\/04\/TEE-JEC-071-2021-Acuerdo.pdf\">Descarga<\/a><\/p>\n<h3><strong>TEE\/JEC\/072\/2021 Acuerdo plenario<\/strong><\/h3>\n<p><strong>Actor:<\/strong> Irving Misael Jord\u00e1n Bello<\/p>\n<p><strong>Autoridad responsable:<\/strong> Comisi\u00f3n Nacional de Elecciones de Morena<\/p>\n<p><strong>Descarga:<\/strong> <a href=\"https:\/\/teegro.gob.mx\/inicio\/wp-content\/uploads\/2021\/04\/TEE-JEC-072-2021-Acuerdo.pdf\">Descarga<\/a><\/p>\n<h3><strong>TEE\/JEC\/081\/2021 Acuerdo plenario<\/strong><\/h3>\n<p><strong>Actor:<\/strong> Bol\u00edvar Garc\u00eda Aguirre<\/p>\n<p><strong>Autoridad responsable:<\/strong> Comisi\u00f3n Nacional de Elecciones de Morena<\/p>\n<p><strong>Descarga:<\/strong> <a href=\"https:\/\/teegro.gob.mx\/inicio\/wp-content\/uploads\/2021\/04\/TEE-JEC-081-2021-Acuerdo.pdf\">Descarga<\/a><\/p>\n<h3><strong>TEE\/JEC\/062\/2021 Acuerdo plenario<\/strong><\/h3>\n<p><strong>Actor:<\/strong> Luis Adri\u00e1n Ireta Sol\u00eds<\/p>\n<p><strong>Autoridad responsable:<\/strong> Comit\u00e9 Ejecutivo Estatal de Morena en Guerrero<\/p>\n<p><strong>Descarga:<\/strong> <a href=\"https:\/\/teegro.gob.mx\/inicio\/wp-content\/uploads\/2021\/04\/TEE-JEC-062-2021-Acuerdo.pdf\">Descarga<\/a><\/p>\n<h3><strong>TEE\/JEC\/068\/2021 Acuerdo plenario<\/strong><\/h3>\n<p><strong>Actor:<\/strong> Jes\u00fas S\u00e1nchez L\u00f3pez y otras personas<\/p>\n<p><strong>Autoridad responsable:<\/strong> Comisi\u00f3n Nacional del Elecciones de Morena<\/p>\n<p><strong>Descarga:<\/strong> <a href=\"https:\/\/teegro.gob.mx\/inicio\/wp-content\/uploads\/2021\/04\/TEE-JEC-068-2021-Acuerdo.pdf\">Descarga<\/a><\/p>\n<h3><strong>TEE\/JEC\/065\/2021 Acuerdo plenario<\/strong><\/h3>\n<p><strong>Actor:<\/strong> Javier V\u00e1zquez Garc\u00eda<\/p>\n<p><strong>Autoridad responsable:<\/strong> Comisi\u00f3n Nacional del Elecciones de Morena <\/p>\n<p><strong>Descarga:<\/strong> <a href=\"https:\/\/teegro.gob.mx\/inicio\/wp-content\/uploads\/2021\/04\/TEE-JEC-065-2021-Acuerdo.pdf\">Descarga<\/a><\/p>\n<h3><strong>TEE\/JEC\/060\/2021 Acuerdo plenario<\/strong><\/h3>\n<p><strong>Actor:<\/strong> Silvia Alem\u00e1n Mundo<\/p>\n<p><strong>Autoridad responsable:<\/strong> Partido Pol\u00edtico Morena<\/p>\n<p><strong>Descarga:<\/strong> <a href=\"https:\/\/teegro.gob.mx\/inicio\/wp-content\/uploads\/2021\/04\/TEE-JEC-060-2021-Acuerdo.pdf\">Descarga<\/a><\/p>\n<h3><strong>TEE\/JEC\/066\/2021 Acuerdo plenario<\/strong><\/h3>\n<p><strong>Actor:<\/strong> Paula S\u00e1nchez Jim\u00e9nez<\/p>\n<p><strong>Autoridad responsable:<\/strong> Comisi\u00f3n Nacional de Elecciones de Morena y otras<\/p>\n<p><strong>Descarga:<\/strong> <a href=\"https:\/\/teegro.gob.mx\/inicio\/wp-content\/uploads\/2021\/04\/TEE-JEC-066-2021-Acuerdo.pdf\">Descarga<\/a><\/p>\n<h3><strong>TEE\/JEC\/069\/2021 Acuerdo plenario<\/strong><\/h3>\n<p><strong>Actor:<\/strong> Antonio P\u00e9rez D\u00edaz<\/p>\n<p><strong>Autoridad responsable:<\/strong> Comisi\u00f3n Nacional de Elecciones de Morena y otras<\/p>\n<p><strong>Descarga:<\/strong> <a href=\"https:\/\/teegro.gob.mx\/inicio\/wp-content\/uploads\/2021\/04\/TEE-JEC-069-2021-Acuerdo.pdf\">Descarga<\/a><\/p>\n<h3><strong>TEE\/JEC\/075\/2021 Acuerdo plenario<\/strong><\/h3>\n<p><strong>Actor:<\/strong> Elizabeth Marina Hern\u00e1ndez de la Garza y otras personas<\/p>\n<p><strong>Autoridad responsable:<\/strong> Comisi\u00f3n Nacional de Elecciones y Comit\u00e9 Ejecutivo Estatal de Morena <\/p>\n<p><strong>Descarga:<\/strong> <a href=\"https:\/\/teegro.gob.mx\/inicio\/wp-content\/uploads\/2021\/04\/TEE-JEC-075-2021-Acuerdo.pdf\">Descarga<\/a><\/p>\n<h3><strong>TEE\/JEC\/080\/2021 Acuerdo plenario<\/strong><\/h3>\n<p><strong>Actor:<\/strong> Israel Alejandro Fern\u00e1ndez Jaimes y otras personas<\/p>\n<p><strong>Autoridad responsable:<\/strong> Morena y Comisi\u00f3n Nacional de Elecciones<\/p>\n<p><strong>Descarga:<\/strong> <a href=\"https:\/\/teegro.gob.mx\/inicio\/wp-content\/uploads\/2021\/04\/TEE-JEC-080-2021-Acuerdo.pdf\">Descarga<\/a><\/p>\n<h3><strong>TEE\/JEC\/046\/2021<\/strong><\/h3>\n<p><strong>Actor:<\/strong> Laurentino Zeferino S\u00e1nchez<\/p>\n<p><strong>Autoridad responsable:<\/strong> Comisi\u00f3n Estatal de Justicia Partidaria del Partido Revoluci\u00f3n Institucional<\/p>\n<p><strong>Descarga:<\/strong> <a href=\"https:\/\/teegro.gob.mx\/inicio\/wp-content\/uploads\/2021\/04\/TEE-JEC-046-2021.pdf\">Descarga<\/a><\/p>\n<h3><strong>TEE\/JEC\/052\/2021<\/strong><\/h3>\n<p><strong>Actor:<\/strong> Merced Baldovino Diego<\/p>\n<p><strong>Autoridad responsable:<\/strong> Consejo General del IEPC, Guerrero<\/p>\n<p><strong>Descarga:<\/strong> <a href=\"https:\/\/teegro.gob.mx\/inicio\/wp-content\/uploads\/2021\/04\/TEE-JEC-052-2021.pdf\">Descarga<\/a><\/p>\n<h3><strong>TEE\/JEC\/058\/2021<\/strong><\/h3>\n<p><strong>Actor:<\/strong> Michel Higuera Ibarra<\/p>\n<p><strong>Autoridad responsable:<\/strong> Comisi\u00f3n Nacional de Honestidad y Justicia de Morena<\/p>\n<p><strong>Descarga:<\/strong> <a href=\"https:\/\/teegro.gob.mx\/inicio\/wp-content\/uploads\/2021\/04\/TEE-JEC-058-2021.pdf\">Descarga<\/a><\/p>\n<h3><strong>TEE\/JEC\/033\/2021<\/strong><\/h3>\n<p><strong>Actor:<\/strong> Sergio Montes Carrillo<\/p>\n<p><strong>Autoridad responsable:<\/strong> Comisi\u00f3n Nacional de Honestidad y Justicia de Morena<\/p>\n<p><strong>Descarga:<\/strong> <a href=\"https:\/\/teegro.gob.mx\/inicio\/wp-content\/uploads\/2021\/04\/TEE-JEC-033-2021.pdf\">Descarga<\/a><\/p>\n<h3><strong>TEE\/JEC\/037\/2021<\/strong><\/h3>\n<p><strong>Actor:<\/strong> Yadira Fabiola Nieto D\u00edaz<\/p>\n<p><strong>Autoridad responsable:<\/strong> Consejo General del IEPC, Guerrero<\/p>\n<p><strong>Descarga:<\/strong> <a href=\"https:\/\/teegro.gob.mx\/inicio\/wp-content\/uploads\/2021\/04\/TEE-JEC-037-2021.pdf\">Descarga<\/a><\/p>\n<h3><strong>TEE\/JEC\/047\/2021<\/strong><\/h3>\n<p><strong>Actor:<\/strong> Eloy Villanueva Moreno<\/p>\n<p><strong>Autoridad responsable:<\/strong> Comisi\u00f3n Estatal de Justicia Partidaria del PRI, en el Estado de Guerrero<\/p>\n<p><strong>Descarga:<\/strong> <a href=\"https:\/\/teegro.gob.mx\/inicio\/wp-content\/uploads\/2021\/04\/TEE-JEC-047-2021.pdf\">Descarga<\/a><\/p>\n<h3><strong>TEE\/JEC\/043\/2021<\/strong><\/h3>\n<p><strong>Actor:<\/strong> J. F\u00e9lix Salgado Macedonio<\/p>\n<p><strong>Autoridad responsable:<\/strong> Consejo General del IEPC, Guerrero<\/p>\n<p><strong>Descarga:<\/strong> <a href=\"https:\/\/teegro.gob.mx\/inicio\/wp-content\/uploads\/2021\/04\/TEE-JEC-043-2021.pdf\">Descarga<\/a><\/p>\n<h3><strong>TEE\/JEC\/048\/2021<\/strong><\/h3>\n<p><strong>Actor:<\/strong> Felicitas Mart\u00ednez Solano<\/p>\n<p><strong>Autoridad responsable:<\/strong> Comisi\u00f3n Nacional de Honestidad y Justicia de Morena<\/p>\n<p><strong>Descarga:<\/strong> <a href=\"https:\/\/teegro.gob.mx\/inicio\/wp-content\/uploads\/2021\/04\/TEE-JEC-048-2021.pdf\">Descarga<\/a><\/p>\n<h3><strong>TEE\/RAP\/009\/2021<\/strong><\/h3>\n<p><strong>Actor:<\/strong> Carlos Alberto Villalpando Milian, representante del partido Morena<\/p>\n<p><strong>Autoridad responsable:<\/strong> Consejo General del IEPC, Guerrero<\/p>\n<p><strong>Descarga:<\/strong> <a href=\"https:\/\/teegro.gob.mx\/inicio\/wp-content\/uploads\/2021\/04\/TEE-RAP-009-2021.pdf\">Descarga<\/a><\/p>\n<h3><strong>TEE\/JEC\/049\/2021 y Acumulados<\/strong><\/h3>\n<p><strong>Actor:<\/strong> Salustio Garc\u00eda Dorantes y otros<\/p>\n<p><strong>Autoridad responsable:<\/strong> Consejo General del IEPC, Guerrero<\/p>\n<p><strong>Descarga:<\/strong> <a href=\"https:\/\/teegro.gob.mx\/inicio\/wp-content\/uploads\/2021\/04\/TEE-JEC-049-2021-Y-Acumulados.pdf\">Descarga<\/a><\/p>\n<h3><strong>TEE\/JEC\/076\/2021<\/strong><\/h3>\n<p><strong>Actor:<\/strong> Mariana F\u00e9lix Garc\u00eda<\/p>\n<p><strong>Autoridad responsable:<\/strong> Consejo General del IEPC, Guerrero<\/p>\n<p><strong>Descarga:<\/strong> <a href=\"https:\/\/teegro.gob.mx\/inicio\/wp-content\/uploads\/2021\/04\/TEE-JEC-076-2021.pdf\">Descarga<\/a><\/p>\n<h3><strong>TEE\/JEC\/077\/2021<\/strong><\/h3>\n<p><strong>Actor:<\/strong> Felipe Rojas Garc\u00eda<\/p>\n<p><strong>Autoridad responsable:<\/strong> Consejo General del IEPC, Guerrero<\/p>\n<p><strong>Descarga:<\/strong> <a href=\"https:\/\/teegro.gob.mx\/inicio\/wp-content\/uploads\/2021\/04\/TEE-JEC-077-2021.pdf\">Descarga<\/a><\/p>\n<h3><strong>TEE\/JEC\/050\/2021<\/strong><\/h3>\n<p><strong>Actor:<\/strong> Jes\u00fas G\u00f3mez L\u00f3pez<\/p>\n<p><strong>Autoridad responsable:<\/strong> Consejo General del IEPC, Guerrero<\/p>\n<p><strong>Descarga:<\/strong> <a href=\"https:\/\/teegro.gob.mx\/inicio\/wp-content\/uploads\/2021\/04\/TEE-JEC-050-2021.pdf\">Descarga<\/a><\/p>\n<h3><strong>TEE\/RAP\/010\/2021<\/strong><\/h3>\n<p><strong>Actor:<\/strong> Manuel Alberto Saavedra Ch\u00e1vez representante del partido PRl<\/p>\n<p><strong>Autoridad responsable:<\/strong> Consejo General del IEPC, Guerrero<\/p>\n<p><strong>Descarga:<\/strong> <a href=\"https:\/\/teegro.gob.mx\/inicio\/wp-content\/uploads\/2021\/04\/TEE-RAP-010-2021.pdf\">Descarga<\/a><\/p>\n<p><strong>Complementaria<\/strong><\/p>\n<h3><strong>TEE\/JEC\/079\/2021 Acuerdo<\/strong><\/h3>\n<p><strong>Actor:<\/strong> Antonio de Jes\u00fas Mart\u00ednez \u00c1ngel<\/p>\n<p><strong>Autoridad responsable:<\/strong> Comit\u00e9 Ejecutivo Nacional y otras<\/p>\n<p><strong>Descarga:<\/strong> <a href=\"https:\/\/teegro.gob.mx\/inicio\/wp-content\/uploads\/2021\/04\/TEE-JEC-079-2021.pdf\">Descarga<\/a><\/p>\n","protected":false},"excerpt":{"rendered":"<p>Orden del d\u00eda Complementaria V\u00eddeo de la Sesi\u00f3n Contenido TEE\/JEC\/061\/2021 Acuerdo plenario &#8211; Juan Carlos P\u00e9rez Gonz\u00e1lez y otras persona TEE\/JEC\/067\/2021 Acuerdo plenario &#8211; Miguel Santiago Lorenzo TEE\/JEC\/071\/2021 Acuerdo plenario &#8211; V\u00edctor Jord\u00e1n \u00c1lvarez TEE\/JEC\/072\/2021 Acuerdo plenario &#8211; Irving Misael Jord\u00e1n Bello TEE\/JEC\/081\/2021 Acuerdo plenario &#8211; Bol\u00edvar Garc\u00eda Aguirre TEE\/JEC\/062\/2021 Acuerdo plenario &#8211; Luis Adri\u00e1n [&hellip;]<\/p>\n","protected":false},"author":1,"featured_media":0,"comment_status":"open","ping_status":"open","sticky":false,"template":"","format":"standard","meta":{"_acf_changed":false,"footnotes":""},"categories":[210],"tags":[],"class_list":["post-10780","post","type-post","status-publish","format-standard","hentry","category-gaceta"],"acf":[],"_links":{"self":[{"href":"https:\/\/teegro.gob.mx\/sitio2025\/wp-json\/wp\/v2\/posts\/10780","targetHints":{"allow":["GET"]}}],"collection":[{"href":"https:\/\/teegro.gob.mx\/sitio2025\/wp-json\/wp\/v2\/posts"}],"about":[{"href":"https:\/\/teegro.gob.mx\/sitio2025\/wp-json\/wp\/v2\/types\/post"}],"author":[{"embeddable":true,"href":"https:\/\/teegro.gob.mx\/sitio2025\/wp-json\/wp\/v2\/users\/1"}],"replies":[{"embeddable":true,"href":"https:\/\/teegro.gob.mx\/sitio2025\/wp-json\/wp\/v2\/comments?post=10780"}],"version-history":[{"count":42,"href":"https:\/\/teegro.gob.mx\/sitio2025\/wp-json\/wp\/v2\/posts\/10780\/revisions"}],"predecessor-version":[{"id":10969,"href":"https:\/\/teegro.gob.mx\/sitio2025\/wp-json\/wp\/v2\/posts\/10780\/revisions\/10969"}],"wp:attachment":[{"href":"https:\/\/teegro.gob.mx\/sitio2025\/wp-json\/wp\/v2\/media?parent=10780"}],"wp:term":[{"taxonomy":"category","embeddable":true,"href":"https:\/\/teegro.gob.mx\/sitio2025\/wp-json\/wp\/v2\/categories?post=10780"},{"taxonomy":"post_tag","embeddable":true,"href":"https:\/\/teegro.gob.mx\/sitio2025\/wp-json\/wp\/v2\/tags?post=10780"}],"curies":[{"name":"wp","href":"https:\/\/api.w.org\/{rel}","templated":true}]}}