{"id":10971,"date":"2023-07-03T15:23:21","date_gmt":"2023-07-03T20:23:21","guid":{"rendered":"https:\/\/teegro.gob.mx\/inicio\/?p=10971"},"modified":"2023-07-06T11:42:52","modified_gmt":"2023-07-06T16:42:52","slug":"decima-novena-sesion-publica-de-resolucion-3","status":"publish","type":"post","link":"https:\/\/teegro.gob.mx\/sitio2025\/decima-novena-sesion-publica-de-resolucion-3\/","title":{"rendered":"D\u00e9cima Novena Sesi\u00f3n P\u00fablica de Resoluci\u00f3n"},"content":{"rendered":"<!-- VideographyWP Plugin Message: Automatic video embedding prevented by plugin options. -->\n\n<ul>\n<li><a href=\"https:\/\/teegro.gob.mx\/inicio\/wp-content\/uploads\/2023\/07\/Lista040723.pdf\">Orden del d\u00eda<\/a><\/li>\n<li><a href=\"https:\/\/youtu.be\/oynQs2FAQvw\">V\u00eddeo de la Sesi\u00f3n<\/a><\/li>\n<\/ul>\n<h3>Contenido<\/h3>\n<ul>\n<li>TEE\/PES\/004\/2023 Acuerdo Plenario &#8211; Mar\u00eda de los \u00c1ngeles V\u00e1zquez Pastor y otras personas<\/li>\n<li>TEE\/JEC\/034\/2023 &#8211; Gustavo C\u00e9sar Moctezuma Jacobo y otras personas<\/li>\n<li>TEE\/JEC\/037\/2023 &#8211; Alfredo S\u00e1nchez Esquivel<\/li>\n<\/ul>\n<p><!--more--><\/p>\n<h3><strong>TEE\/<\/strong>PES\/004\/2023 Acuerdo Plenario<\/h3>\n<p><strong>Denunciante:<\/strong> Mar\u00eda de los \u00c1ngeles V\u00e1zquez Pastor y otras personas<\/p>\n<p><strong>Denunciada:<\/strong> Norma Otilia Hern\u00e1ndez Mart\u00ednez y otras personas<\/p>\n<p>&nbsp;<strong>Descarga:<\/strong> <a href=\"https:\/\/teegro.gob.mx\/inicio\/wp-content\/uploads\/2023\/07\/TEE-PES-004-2023-Acuerdo.pdf\">Descarga<\/a><\/p>\n<h3><strong>TEE\/JEC\/034\/2023<\/strong><\/h3>\n<p><strong>Actor:<\/strong> Gustavo C\u00e9sar Moctezuma Jacobo y otras personas<\/p>\n<p><strong>Autoridad responsable:<\/strong> Congreso del Estado de Guerrero<\/p>\n<p><strong>Descarga:<\/strong> <a href=\"https:\/\/teegro.gob.mx\/inicio\/wp-content\/uploads\/2023\/07\/TEE-JEC-034-2023.pdf\">Descarga<\/a><\/p>\n<h3><strong>TEE\/JEC\/037\/2023<\/strong><\/h3>\n<p><strong>Actor:<\/strong> Alfredo S\u00e1nchez Esquivel<\/p>\n<p><strong>Autoridad responsable:<\/strong> Comisi\u00f3n Nacional de Honestidad y Justicia de MORENA<\/p>\n<p><strong>Descarga:<\/strong> <a href=\"https:\/\/teegro.gob.mx\/inicio\/wp-content\/uploads\/2023\/07\/TEE-JEC-037-2023.pdf\">Descarga<\/a><\/p>\n","protected":false},"excerpt":{"rendered":"<p>Orden del d\u00eda V\u00eddeo de la Sesi\u00f3n Contenido TEE\/PES\/004\/2023 Acuerdo Plenario &#8211; Mar\u00eda de los \u00c1ngeles V\u00e1zquez Pastor y otras personas TEE\/JEC\/034\/2023 &#8211; Gustavo C\u00e9sar Moctezuma Jacobo y otras personas TEE\/JEC\/037\/2023 &#8211; Alfredo S\u00e1nchez Esquivel<\/p>\n","protected":false},"author":1,"featured_media":0,"comment_status":"open","ping_status":"open","sticky":false,"template":"","format":"standard","meta":{"_acf_changed":false,"footnotes":""},"categories":[210],"tags":[],"class_list":["post-10971","post","type-post","status-publish","format-standard","hentry","category-gaceta"],"acf":[],"_links":{"self":[{"href":"https:\/\/teegro.gob.mx\/sitio2025\/wp-json\/wp\/v2\/posts\/10971","targetHints":{"allow":["GET"]}}],"collection":[{"href":"https:\/\/teegro.gob.mx\/sitio2025\/wp-json\/wp\/v2\/posts"}],"about":[{"href":"https:\/\/teegro.gob.mx\/sitio2025\/wp-json\/wp\/v2\/types\/post"}],"author":[{"embeddable":true,"href":"https:\/\/teegro.gob.mx\/sitio2025\/wp-json\/wp\/v2\/users\/1"}],"replies":[{"embeddable":true,"href":"https:\/\/teegro.gob.mx\/sitio2025\/wp-json\/wp\/v2\/comments?post=10971"}],"version-history":[{"count":7,"href":"https:\/\/teegro.gob.mx\/sitio2025\/wp-json\/wp\/v2\/posts\/10971\/revisions"}],"predecessor-version":[{"id":11003,"href":"https:\/\/teegro.gob.mx\/sitio2025\/wp-json\/wp\/v2\/posts\/10971\/revisions\/11003"}],"wp:attachment":[{"href":"https:\/\/teegro.gob.mx\/sitio2025\/wp-json\/wp\/v2\/media?parent=10971"}],"wp:term":[{"taxonomy":"category","embeddable":true,"href":"https:\/\/teegro.gob.mx\/sitio2025\/wp-json\/wp\/v2\/categories?post=10971"},{"taxonomy":"post_tag","embeddable":true,"href":"https:\/\/teegro.gob.mx\/sitio2025\/wp-json\/wp\/v2\/tags?post=10971"}],"curies":[{"name":"wp","href":"https:\/\/api.w.org\/{rel}","templated":true}]}}