{"id":11026,"date":"2023-07-12T16:59:15","date_gmt":"2023-07-12T21:59:15","guid":{"rendered":"https:\/\/teegro.gob.mx\/inicio\/?p=11026"},"modified":"2025-03-28T14:20:41","modified_gmt":"2025-03-28T20:20:41","slug":"vigesima-sesion-publica-de-resolucion-3","status":"publish","type":"post","link":"https:\/\/teegro.gob.mx\/sitio2025\/vigesima-sesion-publica-de-resolucion-3\/","title":{"rendered":"Vig\u00e9sima Sesi\u00f3n P\u00fablica de Resoluci\u00f3n"},"content":{"rendered":"<!-- VideographyWP Plugin Message: Automatic video embedding prevented by plugin options. -->\n\n<ul>\n<li><a href=\"https:\/\/teegro.gob.mx\/inicio\/wp-content\/uploads\/2023\/07\/Lista130723.pdf\">Orden del d\u00eda<\/a><\/li>\n<li><a href=\"https:\/\/youtu.be\/wCeKDO2voA4\">V\u00eddeo de la Sesi\u00f3n<\/a><\/li>\n<\/ul>\n<h3>Contenido<\/h3>\n<ul>\n<li>TEE\/PES\/002\/2023 Acuerdo Plenario &#8211; Yoloczin Lizbeth Dom\u00ednguez Serna<\/li>\n<li>TEE\/PES\/006\/2022 Acuerdo Plenario &#8211; Raquel Garc\u00eda Ordu\u00f1o<\/li>\n<li>TEE\/JEC\/036\/2023&nbsp; &#8211; Raquel Garc\u00eda Ordu\u00f1o<\/li>\n<li>TEE\/JEC\/028\/2023 y acumulado &#8211; Rutilio Esp\u00edndola Castro y otros<\/li>\n<li>TEE\/JEC\/031\/2023 &#8211; Organizaci\u00f3n Encuentro Solidario A.C.<\/li>\n<li>TEE\/LCT\/009\/2023 &#8211; Joaquina Dur\u00e1n Mej\u00eda<\/li>\n<\/ul>\n<p><!--more--><\/p>\n<h3><strong>TEE\/<\/strong>PES\/002\/2023 Acuerdo Plenario<\/h3>\n<p><strong>Denunciante:<\/strong> Yoloczin Lizbeth Dom\u00ednguez Serna<\/p>\n<p><strong>Denunciada:<\/strong> Alfredo S\u00e1nchez Esquivel<\/p>\n<p>&nbsp;<strong>Descarga:<\/strong> <a href=\"https:\/\/teegro.gob.mx\/inicio\/wp-content\/uploads\/2023\/07\/TEE-PES-002-2023-Acuerdo.pdf\">Descarga<\/a><\/p>\n<h3><strong>TEE\/<\/strong>PES\/006\/2022 Acuerdo Plenario<\/h3>\n<p><strong>Denunciante:<\/strong> Raquel Garc\u00eda Ordu\u00f1o<\/p>\n<p><strong>Denunciada:<\/strong> Joel \u00c1ngel Romero y otros<\/p>\n<p>&nbsp;<strong>Descarga:<\/strong> <a href=\"https:\/\/teegro.gob.mx\/inicio\/wp-content\/uploads\/2023\/07\/TEE-PES-006-2023-Acuerdo-VP.pdf\">Descarga<\/a><\/p>\n<h3><strong>TEE\/JEC\/036\/2023<\/strong><\/h3>\n<p><strong>Actor:<\/strong> Raquel Garc\u00eda Ordu\u00f1o<\/p>\n<p><strong>Autoridad responsable:<\/strong> Instituto Electoral y de Participaci\u00f3n Ciudadana del Estado de Guerrero&nbsp;<\/p>\n<p><strong>Descarga:<\/strong> <a href=\"https:\/\/teegro.gob.mx\/inicio\/wp-content\/uploads\/2023\/07\/TEE-JEC-036-2023.pdf\">Descarga<\/a><\/p>\n<h3><strong>TEE\/<\/strong>JEC\/028\/2023 y acumulado<\/h3>\n<p><strong>Actor:<\/strong> Rutilio Esp\u00edndola Castro y otros<\/p>\n<p><strong>Autoridad responsable:<\/strong> Asamblea Municipal Comunitaria de Representantes y Autoridades del Municipio de Ayutla de los Libres, Guerrero<\/p>\n<p><strong>Descarga:<\/strong> <a href=\"https:\/\/teegro.gob.mx\/inicio\/wp-content\/uploads\/2023\/07\/TEE-JEC-028-2023-y-acumulado.pdf\">Descarga<\/a><\/p>\n<h3><strong>TEE\/JEC\/031\/2023<\/strong><\/h3>\n<p><strong>Actor:<\/strong> Organizaci\u00f3n Encuentro Solidario A.C.<\/p>\n<p><strong>Autoridad responsable:<\/strong> Instituto Electoral y de Participaci\u00f3n Ciudadana del Estado de Guerrero<\/p>\n<p><strong>Descarga:<\/strong> <a href=\"https:\/\/teegro.gob.mx\/inicio\/wp-content\/uploads\/2023\/07\/TEE-JEC-031-2023.pdf\">Descarga<\/a><\/p>\n<h3><strong>TEE\/LCT\/009\/2023<\/strong><\/h3>\n<p><strong>Actor:<\/strong> Joaquina Dur\u00e1n Mej\u00eda<\/p>\n<p><strong>Autoridad responsable:<\/strong> Tribunal Electoral del Estado de Guerrero<\/p>\n<p><strong>Descarga:<\/strong> <a href=\"https:\/\/teegro.gob.mx\/sitio2023\/wp-content\/uploads\/2025\/03\/TEE-LCT-009-2023.pdf\">Descarga<\/a><\/p>\n","protected":false},"excerpt":{"rendered":"<p>Orden del d\u00eda V\u00eddeo de la Sesi\u00f3n Contenido TEE\/PES\/002\/2023 Acuerdo Plenario &#8211; Yoloczin Lizbeth Dom\u00ednguez Serna TEE\/PES\/006\/2022 Acuerdo Plenario &#8211; Raquel Garc\u00eda Ordu\u00f1o TEE\/JEC\/036\/2023&nbsp; &#8211; Raquel Garc\u00eda Ordu\u00f1o TEE\/JEC\/028\/2023 y acumulado &#8211; Rutilio Esp\u00edndola Castro y otros TEE\/JEC\/031\/2023 &#8211; Organizaci\u00f3n Encuentro Solidario A.C. TEE\/LCT\/009\/2023 &#8211; Joaquina Dur\u00e1n Mej\u00eda<\/p>\n","protected":false},"author":1,"featured_media":0,"comment_status":"open","ping_status":"open","sticky":false,"template":"","format":"standard","meta":{"_acf_changed":false,"footnotes":""},"categories":[210],"tags":[],"class_list":["post-11026","post","type-post","status-publish","format-standard","hentry","category-gaceta"],"acf":[],"_links":{"self":[{"href":"https:\/\/teegro.gob.mx\/sitio2025\/wp-json\/wp\/v2\/posts\/11026","targetHints":{"allow":["GET"]}}],"collection":[{"href":"https:\/\/teegro.gob.mx\/sitio2025\/wp-json\/wp\/v2\/posts"}],"about":[{"href":"https:\/\/teegro.gob.mx\/sitio2025\/wp-json\/wp\/v2\/types\/post"}],"author":[{"embeddable":true,"href":"https:\/\/teegro.gob.mx\/sitio2025\/wp-json\/wp\/v2\/users\/1"}],"replies":[{"embeddable":true,"href":"https:\/\/teegro.gob.mx\/sitio2025\/wp-json\/wp\/v2\/comments?post=11026"}],"version-history":[{"count":9,"href":"https:\/\/teegro.gob.mx\/sitio2025\/wp-json\/wp\/v2\/posts\/11026\/revisions"}],"predecessor-version":[{"id":17829,"href":"https:\/\/teegro.gob.mx\/sitio2025\/wp-json\/wp\/v2\/posts\/11026\/revisions\/17829"}],"wp:attachment":[{"href":"https:\/\/teegro.gob.mx\/sitio2025\/wp-json\/wp\/v2\/media?parent=11026"}],"wp:term":[{"taxonomy":"category","embeddable":true,"href":"https:\/\/teegro.gob.mx\/sitio2025\/wp-json\/wp\/v2\/categories?post=11026"},{"taxonomy":"post_tag","embeddable":true,"href":"https:\/\/teegro.gob.mx\/sitio2025\/wp-json\/wp\/v2\/tags?post=11026"}],"curies":[{"name":"wp","href":"https:\/\/api.w.org\/{rel}","templated":true}]}}