{"id":11045,"date":"2023-07-17T11:40:19","date_gmt":"2023-07-17T16:40:19","guid":{"rendered":"https:\/\/teegro.gob.mx\/inicio\/?p=11045"},"modified":"2023-07-18T15:28:43","modified_gmt":"2023-07-18T20:28:43","slug":"vigesima-primera-sesion-publica-de-resolucion-3","status":"publish","type":"post","link":"https:\/\/teegro.gob.mx\/sitio2025\/vigesima-primera-sesion-publica-de-resolucion-3\/","title":{"rendered":"Vig\u00e9sima Primera Sesi\u00f3n P\u00fablica de Resoluci\u00f3n"},"content":{"rendered":"<!-- VideographyWP Plugin Message: Automatic video embedding prevented by plugin options. -->\n\n<ul>\n<li><a href=\"https:\/\/teegro.gob.mx\/inicio\/wp-content\/uploads\/2023\/07\/Lista_180723.pdf\">Orden del d\u00eda<\/a><\/li>\n<li><a href=\"https:\/\/youtu.be\/9utMI82CmnQ\">V\u00eddeo de la Sesi\u00f3n<\/a><\/li>\n<\/ul>\n<h3>Contenido<\/h3>\n<ul>\n<li>TEE\/RAP\/009\/2023 &#8211; Alberto Catal\u00e1n Bastida y otra persona<\/li>\n<li>TEE\/JEC\/022\/2023 &#8211; In\u00e9s Camarillo Balc\u00e1zar y otras personas<\/li>\n<li>TEE\/LCT\/010\/2023 &#8211; Taniazmin Refugio Chamu<\/li>\n<li>TEE\/IE\/001\/2023&nbsp; &#8211; Magistrada Evelyn Rodr\u00edguez Xinol<\/li>\n<li>TEE\/RAP\/010\/2023 &#8211; Alberto Catal\u00e1n Bastida<\/li>\n<\/ul>\n<p><!--more--><\/p>\n<h3><strong>TEE\/RAP\/009\/2023<\/strong><\/h3>\n<p><strong>Actor:<\/strong> Alberto Catal\u00e1n Bastida y otra persona<\/p>\n<p><strong>Autoridad responsable:<\/strong> Instituto Electoral y de Participaci\u00f3n Ciudadana del Estado de Guerrero<\/p>\n<p><strong>Descarga:<\/strong> <a href=\"https:\/\/teegro.gob.mx\/inicio\/wp-content\/uploads\/2023\/07\/TEE-RAP-009-2023.pdf\">Descarga<\/a><\/p>\n<h3><strong>TEE\/JEC\/022\/2023<\/strong><\/h3>\n<p><strong>Actor:<\/strong> In\u00e9s Camarillo Balc\u00e1zar y otras personas<\/p>\n<p><strong>Autoridad responsable:<\/strong> Ayuntamiento de Chilpancingo de los Bravo, Gro.<\/p>\n<p><strong>Descarga:<\/strong> <a href=\"https:\/\/teegro.gob.mx\/inicio\/wp-content\/uploads\/2023\/07\/TEE-JEC-022-2023.pdf\">Descarga<\/a><\/p>\n<h3><strong>TEE\/LCT\/010\/2023<\/strong><\/h3>\n<p><strong>Actor:<\/strong> Taniazmin Refugio Chamu<\/p>\n<p><strong>Autoridad responsable:<\/strong> Tribunal Electoral del Estado de Guerrero<\/p>\n<p><strong>Descarga:<\/strong> <a href=\"https:\/\/teegro.gob.mx\/inicio\/wp-content\/uploads\/2023\/07\/TEE-LCT-010-2023.pdf\">Descarga<\/a><\/p>\n<h3><strong>TEE\/IE\/001\/2023<\/strong><\/h3>\n<p><strong>Actor:<\/strong> Magistrada Evelyn Rodr\u00edguez Xinol<\/p>\n<p><strong>Autoridad responsable:<\/strong> Tribunal Electoral del Estado de Guerrero<\/p>\n<p><strong>Descarga:<\/strong> <a href=\"https:\/\/teegro.gob.mx\/inicio\/wp-content\/uploads\/2023\/07\/TEE-IE-001-2023.pdf\">Descarga<\/a><\/p>\n<h3><strong>TEE\/RAP\/010\/2023<br><\/strong><\/h3>\n<p><strong>Actor:<\/strong> Alberto Catal\u00e1n Bastida<\/p>\n<p><strong>Autoridad responsable:<\/strong> Instituto Electoral y de Participaci\u00f3n Ciudadana del Estado de Guerrero&nbsp;<\/p>\n<p><strong>Descarga:<\/strong> <a href=\"https:\/\/teegro.gob.mx\/inicio\/wp-content\/uploads\/2023\/07\/TEE-RAP-010-2023.pdf\">Descarga<\/a><\/p>\n","protected":false},"excerpt":{"rendered":"<p>Orden del d\u00eda V\u00eddeo de la Sesi\u00f3n Contenido TEE\/RAP\/009\/2023 &#8211; Alberto Catal\u00e1n Bastida y otra persona TEE\/JEC\/022\/2023 &#8211; In\u00e9s Camarillo Balc\u00e1zar y otras personas TEE\/LCT\/010\/2023 &#8211; Taniazmin Refugio Chamu TEE\/IE\/001\/2023&nbsp; &#8211; Magistrada Evelyn Rodr\u00edguez Xinol TEE\/RAP\/010\/2023 &#8211; Alberto Catal\u00e1n Bastida<\/p>\n","protected":false},"author":1,"featured_media":0,"comment_status":"open","ping_status":"open","sticky":false,"template":"","format":"standard","meta":{"_acf_changed":false,"footnotes":""},"categories":[210],"tags":[],"class_list":["post-11045","post","type-post","status-publish","format-standard","hentry","category-gaceta"],"acf":[],"_links":{"self":[{"href":"https:\/\/teegro.gob.mx\/sitio2025\/wp-json\/wp\/v2\/posts\/11045","targetHints":{"allow":["GET"]}}],"collection":[{"href":"https:\/\/teegro.gob.mx\/sitio2025\/wp-json\/wp\/v2\/posts"}],"about":[{"href":"https:\/\/teegro.gob.mx\/sitio2025\/wp-json\/wp\/v2\/types\/post"}],"author":[{"embeddable":true,"href":"https:\/\/teegro.gob.mx\/sitio2025\/wp-json\/wp\/v2\/users\/1"}],"replies":[{"embeddable":true,"href":"https:\/\/teegro.gob.mx\/sitio2025\/wp-json\/wp\/v2\/comments?post=11045"}],"version-history":[{"count":12,"href":"https:\/\/teegro.gob.mx\/sitio2025\/wp-json\/wp\/v2\/posts\/11045\/revisions"}],"predecessor-version":[{"id":11160,"href":"https:\/\/teegro.gob.mx\/sitio2025\/wp-json\/wp\/v2\/posts\/11045\/revisions\/11160"}],"wp:attachment":[{"href":"https:\/\/teegro.gob.mx\/sitio2025\/wp-json\/wp\/v2\/media?parent=11045"}],"wp:term":[{"taxonomy":"category","embeddable":true,"href":"https:\/\/teegro.gob.mx\/sitio2025\/wp-json\/wp\/v2\/categories?post=11045"},{"taxonomy":"post_tag","embeddable":true,"href":"https:\/\/teegro.gob.mx\/sitio2025\/wp-json\/wp\/v2\/tags?post=11045"}],"curies":[{"name":"wp","href":"https:\/\/api.w.org\/{rel}","templated":true}]}}