{"id":11358,"date":"2023-08-21T17:09:07","date_gmt":"2023-08-21T22:09:07","guid":{"rendered":"https:\/\/teegro.gob.mx\/inicio\/?p=11358"},"modified":"2023-08-22T17:51:42","modified_gmt":"2023-08-22T22:51:42","slug":"vigesima-segunda-sesion-publica-de-resolucion-4","status":"publish","type":"post","link":"https:\/\/teegro.gob.mx\/sitio2025\/vigesima-segunda-sesion-publica-de-resolucion-4\/","title":{"rendered":"Vig\u00e9sima Tercera Sesi\u00f3n P\u00fablica de Resoluci\u00f3n"},"content":{"rendered":"<!-- VideographyWP Plugin Message: Automatic video embedding prevented by plugin options. -->\n\n<ul>\n<li><a href=\"https:\/\/teegro.gob.mx\/inicio\/wp-content\/uploads\/2023\/08\/Lista220823.pdf\">Orden del d\u00eda<\/a><\/li>\n<li><a href=\"https:\/\/youtu.be\/_21x5RT1jrQ\">V\u00eddeo de la Sesi\u00f3n<\/a><\/li>\n<\/ul>\n<h3>Contenido<\/h3>\n<ul>\n<li>TEE\/PES\/005\/2023 Acuerdo Plenario &#8211; Raquel Garc\u00eda Ordu\u00f1o<\/li>\n<li>TEE\/JEC\/019\/2023 Acuerdo Plenario &#8211; Fel\u00edcita Navarrete Neri<\/li>\n<li>TEE\/JEC\/007\/2020 y acumulados Acuerdo Plenario &#8211; Sixto Cruz Ortega y otras personas<\/li>\n<li>TEE\/RAP\/008\/2023 Acuerdo Plenario &#8211; Jacinto Gonz\u00e1lez Varona<\/li>\n<li>TEE\/RAP\/012\/2023 Acuerdo Plenario &#8211; Representante de La Organizaci\u00f3n Ciudadana \u201cGuerrero Pobre, A.C.\u201d<\/li>\n<\/ul>\n<p><!--more--><\/p>\n<h3><strong>TEE\/<\/strong>PES\/005\/2023 Acuerdo Plenario<\/h3>\n<p><strong>Denunciante:<\/strong> Raquel Garc\u00eda Ordu\u00f1o<\/p>\n<p><strong>Denunciado:<\/strong> Fructoso \u00c1ngel R\u00edos<\/p>\n<p><strong>Descarga:<\/strong> <a href=\"https:\/\/teegro.gob.mx\/inicio\/wp-content\/uploads\/2023\/08\/TEE-PES-005-2023-Acuerdo.pdf\">Descarga<\/a><\/p>\n<h3><strong>TEE\/<\/strong>JEC\/019\/2023 Acuerdo Plenario<\/h3>\n<p><strong>Actor:<\/strong> Fel\u00edcita Navarrete Neri<\/p>\n<p><strong>Autoridad responsable:<\/strong> Comisi\u00f3n de Justicia del Consejo Nacional del Partido Acci\u00f3n Nacional<\/p>\n<p><strong>Descarga:<\/strong> <a href=\"https:\/\/teegro.gob.mx\/inicio\/wp-content\/uploads\/2023\/08\/TEE-JEC-019-2023-Acuerdo.pdf\">Descarga<\/a><\/p>\n<h3><strong>TEE\/<\/strong>JEC\/007\/2020 y acumulados Acuerdo Plenario<\/h3>\n<p><strong>Actor:<\/strong> Sixto Cruz Ortega y otras personas<\/p>\n<p><strong>Autoridad responsable:<\/strong> Instituto Electoral y de Participaci\u00f3n Ciudadana del Estado de Guerrero<\/p>\n<p><strong>Descarga:<\/strong> <a href=\"https:\/\/teegro.gob.mx\/inicio\/wp-content\/uploads\/2023\/08\/TEE-JEC-007-2020-Acuerdo.pdf\">Descarga<\/a><\/p>\n<h3><strong>TEE\/<\/strong>RAP\/008\/2023 Acuerdo Plenario<\/h3>\n<p><strong>Actor:<\/strong> Jacinto Gonz\u00e1lez Varona<\/p>\n<p><strong>Autoridad responsable:<\/strong> Instituto Electoral y de Participaci\u00f3n Ciudadana del Estado de Guerrero&nbsp;<\/p>\n<p><strong>Descarga:<\/strong> <a href=\"https:\/\/teegro.gob.mx\/inicio\/wp-content\/uploads\/2023\/08\/TEE-RAP-008-2023-Acuerdo.pdf\">Descarga<\/a><\/p>\n<h3><strong>TEE\/<\/strong>RAP\/012\/2023 Acuerdo Plenario<\/h3>\n<p><strong>Actor:<\/strong> Representante de La Organizaci\u00f3n Ciudadana \u201cGuerrero Pobre, A.C.\u201d<\/p>\n<p><strong>Autoridad responsable:<\/strong> Instituto Electoral y de Participaci\u00f3n Ciudadana del Estado de Guerrero<\/p>\n<p><strong>Descarga:<\/strong> <a href=\"https:\/\/teegro.gob.mx\/inicio\/wp-content\/uploads\/2023\/08\/TEE-RAP-012-2023-Acuerdo.pdf\">Descarga<\/a><\/p>\n","protected":false},"excerpt":{"rendered":"<p>Orden del d\u00eda V\u00eddeo de la Sesi\u00f3n Contenido TEE\/PES\/005\/2023 Acuerdo Plenario &#8211; Raquel Garc\u00eda Ordu\u00f1o TEE\/JEC\/019\/2023 Acuerdo Plenario &#8211; Fel\u00edcita Navarrete Neri TEE\/JEC\/007\/2020 y acumulados Acuerdo Plenario &#8211; Sixto Cruz Ortega y otras personas TEE\/RAP\/008\/2023 Acuerdo Plenario &#8211; Jacinto Gonz\u00e1lez Varona TEE\/RAP\/012\/2023 Acuerdo Plenario &#8211; Representante de La Organizaci\u00f3n Ciudadana \u201cGuerrero Pobre, A.C.\u201d<\/p>\n","protected":false},"author":1,"featured_media":0,"comment_status":"open","ping_status":"open","sticky":false,"template":"","format":"standard","meta":{"_acf_changed":false,"footnotes":""},"categories":[210],"tags":[],"class_list":["post-11358","post","type-post","status-publish","format-standard","hentry","category-gaceta"],"acf":[],"_links":{"self":[{"href":"https:\/\/teegro.gob.mx\/sitio2025\/wp-json\/wp\/v2\/posts\/11358","targetHints":{"allow":["GET"]}}],"collection":[{"href":"https:\/\/teegro.gob.mx\/sitio2025\/wp-json\/wp\/v2\/posts"}],"about":[{"href":"https:\/\/teegro.gob.mx\/sitio2025\/wp-json\/wp\/v2\/types\/post"}],"author":[{"embeddable":true,"href":"https:\/\/teegro.gob.mx\/sitio2025\/wp-json\/wp\/v2\/users\/1"}],"replies":[{"embeddable":true,"href":"https:\/\/teegro.gob.mx\/sitio2025\/wp-json\/wp\/v2\/comments?post=11358"}],"version-history":[{"count":10,"href":"https:\/\/teegro.gob.mx\/sitio2025\/wp-json\/wp\/v2\/posts\/11358\/revisions"}],"predecessor-version":[{"id":11385,"href":"https:\/\/teegro.gob.mx\/sitio2025\/wp-json\/wp\/v2\/posts\/11358\/revisions\/11385"}],"wp:attachment":[{"href":"https:\/\/teegro.gob.mx\/sitio2025\/wp-json\/wp\/v2\/media?parent=11358"}],"wp:term":[{"taxonomy":"category","embeddable":true,"href":"https:\/\/teegro.gob.mx\/sitio2025\/wp-json\/wp\/v2\/categories?post=11358"},{"taxonomy":"post_tag","embeddable":true,"href":"https:\/\/teegro.gob.mx\/sitio2025\/wp-json\/wp\/v2\/tags?post=11358"}],"curies":[{"name":"wp","href":"https:\/\/api.w.org\/{rel}","templated":true}]}}