{"id":11398,"date":"2023-08-24T16:01:08","date_gmt":"2023-08-24T21:01:08","guid":{"rendered":"https:\/\/teegro.gob.mx\/inicio\/?p=11398"},"modified":"2023-08-31T17:33:30","modified_gmt":"2023-08-31T22:33:30","slug":"vigesima-cuarta-sesion-publica-de-resolucion-3","status":"publish","type":"post","link":"https:\/\/teegro.gob.mx\/sitio2025\/vigesima-cuarta-sesion-publica-de-resolucion-3\/","title":{"rendered":"Vig\u00e9sima Cuarta Sesi\u00f3n P\u00fablica de Resoluci\u00f3n"},"content":{"rendered":"<!-- VideographyWP Plugin Message: Automatic video embedding prevented by plugin options. -->\n\n<ul>\n<li><a href=\"https:\/\/teegro.gob.mx\/inicio\/wp-content\/uploads\/2023\/08\/Lista250823.pdf\">Orden del d\u00eda<\/a><\/li>\n<li><a href=\"https:\/\/youtu.be\/YO4PqO9BRsU\">V\u00eddeo de la Sesi\u00f3n<\/a><\/li>\n<\/ul>\n<h3>Contenido<\/h3>\n<ul>\n<li>TEE\/RAP\/006\/2023 Acuerdo Plenario &#8211; Rub\u00e9n Valenzo Cantor<\/li>\n<li>TEE\/JEC\/015\/2023 y acumulado Acuerdo Plenario &#8211; Roberta Castro de los Santos y otras personas<\/li>\n<li>TEE\/RAP\/011\/2023 &#8211; Jacinto Gonz\u00e1lez Varona<\/li>\n<li>TEE\/PES\/006\/2023 &#8211; Gabriela Bernal Res\u00e9ndiz<\/li>\n<li>TEE\/JEC\/045\/2023 &#8211; H\u00e9ctor Fernando Ag\u00fcero Garc\u00eda<\/li>\n<li>TEE\/LCT\/011\/2023 &#8211; Ma. Cristina Pineda Nava<\/li>\n<li>TEE\/LCT\/013\/2023 &#8211; Susana Ruiz de Jes\u00fas<\/li>\n<\/ul>\n<p><!--more--><\/p>\n<h3><strong>TEE\/<\/strong>RAP\/006\/2023 Acuerdo Plenario<\/h3>\n<p><strong>Actor:<\/strong> Rub\u00e9n Valenzo Cantor<\/p>\n<p><strong>Autoridad responsable:<\/strong> Instituto Electoral y de Participaci\u00f3n Ciudadana del Estado de Guerrero<\/p>\n<p><strong>Descarga:<\/strong> <a href=\"https:\/\/teegro.gob.mx\/inicio\/wp-content\/uploads\/2023\/08\/TEE-RAP-006-2023-Acuerdo.pdf\">Descarga<\/a><\/p>\n<h3><strong>TEE\/<\/strong>JEC\/015\/2023 y acumulado Acuerdo Plenario<\/h3>\n<p><strong>Actor:<\/strong> Roberta Castro de los Santos y otras personas<\/p>\n<p><strong>Autoridad responsable:<\/strong> Congreso del Estado de Guerrero y otra<\/p>\n<p><strong>Descarga:<\/strong> <a href=\"https:\/\/teegro.gob.mx\/inicio\/wp-content\/uploads\/2023\/08\/TEE-JEC-015-2023-Acuerdo.pdf\">Descarga<\/a><\/p>\n<h3><strong>TEE\/RAP\/011\/2023<\/strong><\/h3>\n<p><strong>Actor:<\/strong> Jacinto Gonz\u00e1lez Varona<\/p>\n<p><strong>Autoridad responsable:<\/strong> Instituto Electoral y de Participaci\u00f3n Ciudadana del Estado de Guerrero<\/p>\n<p><strong>Descarga:<\/strong> <a href=\"https:\/\/teegro.gob.mx\/inicio\/wp-content\/uploads\/2023\/08\/TEE-RAP-011-2023.pdf\">Descarga<\/a><\/p>\n<h3><strong>TEE\/PES\/006\/2023<\/strong><\/h3>\n<p><strong>Denunciante:&nbsp;<\/strong>Gabriela Bernal Res\u00e9ndiz<\/p>\n<p><strong>Denunciado:<\/strong> Jacinto Gonz\u00e1lez Varona<\/p>\n<p><strong>Descarga:<\/strong> <a href=\"https:\/\/teegro.gob.mx\/inicio\/wp-content\/uploads\/2023\/08\/TEE-PES-006-2023.pdf\">Descarga<\/a><\/p>\n<h3><strong>TEE\/JEC\/045\/2023<\/strong><\/h3>\n<p><strong>Actor:<\/strong> H\u00e9ctor Fernando Ag\u00fcero Garc\u00eda<\/p>\n<p><strong>Autoridad responsable:<\/strong> Comisi\u00f3n Nacional de Honestidad y Justicia de Morena<\/p>\n<p><strong>Descarga:<\/strong> <a href=\"https:\/\/teegro.gob.mx\/inicio\/wp-content\/uploads\/2023\/08\/TEE-JEC-045-2023.pdf\">Descarga<\/a><\/p>\n<h3><strong>TEE\/LCT\/011\/2023<\/strong><\/h3>\n<p><strong>Actor:<\/strong> Ma. Cristina Pineda Nava<\/p>\n<p><strong>Autoridad responsable:<\/strong> Tribunal Electoral del Estado de Guerrero<\/p>\n<p><strong>Descarga:<\/strong> <a href=\"https:\/\/teegro.gob.mx\/inicio\/wp-content\/uploads\/2023\/08\/TEE-LCT-011-2023.pdf\">Descarga<\/a><\/p>\n<h3><strong>TEE\/LCT\/013\/2023<\/strong><\/h3>\n<p><strong>Actor:<\/strong> Susana Ruiz de Jes\u00fas<\/p>\n<p><strong>Autoridad responsable:<\/strong> Tribunal Electoral del Estado de Guerrero<\/p>\n<p><strong>Descarga:<\/strong> <a href=\"https:\/\/teegro.gob.mx\/inicio\/wp-content\/uploads\/2023\/08\/TEE-LCT-013-2023.pdf\">Descarga<\/a><\/p>\n","protected":false},"excerpt":{"rendered":"<p>Orden del d\u00eda V\u00eddeo de la Sesi\u00f3n Contenido TEE\/RAP\/006\/2023 Acuerdo Plenario &#8211; Rub\u00e9n Valenzo Cantor TEE\/JEC\/015\/2023 y acumulado Acuerdo Plenario &#8211; Roberta Castro de los Santos y otras personas TEE\/RAP\/011\/2023 &#8211; Jacinto Gonz\u00e1lez Varona TEE\/PES\/006\/2023 &#8211; Gabriela Bernal Res\u00e9ndiz TEE\/JEC\/045\/2023 &#8211; H\u00e9ctor Fernando Ag\u00fcero Garc\u00eda TEE\/LCT\/011\/2023 &#8211; Ma. Cristina Pineda Nava TEE\/LCT\/013\/2023 &#8211; Susana Ruiz [&hellip;]<\/p>\n","protected":false},"author":1,"featured_media":0,"comment_status":"open","ping_status":"open","sticky":false,"template":"","format":"standard","meta":{"_acf_changed":false,"footnotes":""},"categories":[210],"tags":[],"class_list":["post-11398","post","type-post","status-publish","format-standard","hentry","category-gaceta"],"acf":[],"_links":{"self":[{"href":"https:\/\/teegro.gob.mx\/sitio2025\/wp-json\/wp\/v2\/posts\/11398","targetHints":{"allow":["GET"]}}],"collection":[{"href":"https:\/\/teegro.gob.mx\/sitio2025\/wp-json\/wp\/v2\/posts"}],"about":[{"href":"https:\/\/teegro.gob.mx\/sitio2025\/wp-json\/wp\/v2\/types\/post"}],"author":[{"embeddable":true,"href":"https:\/\/teegro.gob.mx\/sitio2025\/wp-json\/wp\/v2\/users\/1"}],"replies":[{"embeddable":true,"href":"https:\/\/teegro.gob.mx\/sitio2025\/wp-json\/wp\/v2\/comments?post=11398"}],"version-history":[{"count":13,"href":"https:\/\/teegro.gob.mx\/sitio2025\/wp-json\/wp\/v2\/posts\/11398\/revisions"}],"predecessor-version":[{"id":11425,"href":"https:\/\/teegro.gob.mx\/sitio2025\/wp-json\/wp\/v2\/posts\/11398\/revisions\/11425"}],"wp:attachment":[{"href":"https:\/\/teegro.gob.mx\/sitio2025\/wp-json\/wp\/v2\/media?parent=11398"}],"wp:term":[{"taxonomy":"category","embeddable":true,"href":"https:\/\/teegro.gob.mx\/sitio2025\/wp-json\/wp\/v2\/categories?post=11398"},{"taxonomy":"post_tag","embeddable":true,"href":"https:\/\/teegro.gob.mx\/sitio2025\/wp-json\/wp\/v2\/tags?post=11398"}],"curies":[{"name":"wp","href":"https:\/\/api.w.org\/{rel}","templated":true}]}}