{"id":11450,"date":"2023-09-06T15:15:08","date_gmt":"2023-09-06T20:15:08","guid":{"rendered":"https:\/\/teegro.gob.mx\/inicio\/?p=11450"},"modified":"2023-09-07T15:06:32","modified_gmt":"2023-09-07T20:06:32","slug":"vigesima-septima-sesion-publica-de-resolucion-2","status":"publish","type":"post","link":"https:\/\/teegro.gob.mx\/sitio2025\/vigesima-septima-sesion-publica-de-resolucion-2\/","title":{"rendered":"Vig\u00e9sima S\u00e9ptima Sesi\u00f3n P\u00fablica de Resoluci\u00f3n"},"content":{"rendered":"<!-- VideographyWP Plugin Message: Automatic video embedding prevented by plugin options. -->\n\n<ul>\n<li><a href=\"https:\/\/teegro.gob.mx\/inicio\/wp-content\/uploads\/2023\/09\/Lista070923.pdf\">Orden del d\u00eda<\/a><\/li>\n<li><a href=\"https:\/\/youtu.be\/blfJpoyFASE\">V\u00eddeo de la Sesi\u00f3n<\/a><\/li>\n<\/ul>\n<h3>Contenido<\/h3>\n<ul>\n<li>TEE\/JEC\/038\/2023 &#8211; Erick Adcel Sol\u00eds Calixto<\/li>\n<li>TEE\/IE\/002\/2023 &#8211; Hilda Rosa Delgado Brito<\/li>\n<li>TEE\/JEC\/040\/2023 &#8211; Alfredo S\u00e1nchez Esquivel<\/li>\n<li>TEE\/JEC\/004\/2023 &#8211; Artemio Le\u00f3n Leal<\/li>\n<li>TEE\/LCI\/014\/2023 &#8211; Erik Fierro Delgado<\/li>\n<\/ul>\n<p><!--more--><\/p>\n<h3><strong>TEE\/JEC\/038\/2023<\/strong><\/h3>\n<p><strong>Actor:<\/strong> Erick Adcel Sol\u00eds Calixto<\/p>\n<p><strong>Autoridad responsable:<\/strong> Ayuntamiento de Ben\u00edto Ju\u00e1rez, Guerrero<\/p>\n<p><strong>Descarga:<\/strong> <a href=\"https:\/\/teegro.gob.mx\/inicio\/wp-content\/uploads\/2023\/09\/TEE-JEC-038-2023.pdf\">Descarga<\/a><\/p>\n<h3><strong>TEE\/IE\/002\/2023<\/strong><\/h3>\n<p><strong>Promovente: <\/strong>Hilda Rosa Delgado Brito<\/p>\n<p><strong>Autoridad responsable:<\/strong> Tribunal Electoral del Estado de Guerrero<\/p>\n<p><strong>Descarga:<\/strong> <a href=\"https:\/\/teegro.gob.mx\/inicio\/wp-content\/uploads\/2023\/09\/TEE-IE-002-2023.pdf\">Descarga<\/a><\/p>\n<h3><strong>TEE\/JEC\/040\/2023<\/strong><\/h3>\n<p><strong>Actor:<\/strong> Alfredo S\u00e1nchez Esquivel<\/p>\n<p><strong>Autoridad responsable:<\/strong> Comisi\u00f3n Nacional de Honestidad y Justicia de Morena<\/p>\n<p><strong>Descarga:<\/strong> <a href=\"https:\/\/teegro.gob.mx\/inicio\/wp-content\/uploads\/2023\/09\/TEE-JEC-040-2023.pdf\">Descarga<\/a><\/p>\n<h3><strong>TEE\/JEC\/004\/2023<\/strong><\/h3>\n<p><strong>Actor:<\/strong> Artemio Le\u00f3n Leal<\/p>\n<p><strong>Autoridad responsable:<\/strong> Ayuntamiento de Metlat\u00f3noc, Guerrero<\/p>\n<p><strong>Descarga:<\/strong> <a href=\"https:\/\/teegro.gob.mx\/inicio\/wp-content\/uploads\/2023\/09\/TEE-JEC-004-2023.pdf\">Descarga<\/a><\/p>\n<h3><strong>TEE\/LCI\/014\/2023<\/strong><\/h3>\n<p><strong>Compareciente:<\/strong> Erik Fierro Delgado<\/p>\n<p><strong>Autoridad responsable:<\/strong> Instituto Electoral y de Participaci\u00f3n Ciudadana del Estado de Guerrero<\/p>\n<p><strong>Descarga:<\/strong> <a href=\"https:\/\/teegro.gob.mx\/inicio\/wp-content\/uploads\/2023\/09\/TEE-LCI-014-2023.pdf\">Descarga<\/a><\/p>\n","protected":false},"excerpt":{"rendered":"<p>Orden del d\u00eda V\u00eddeo de la Sesi\u00f3n Contenido TEE\/JEC\/038\/2023 &#8211; Erick Adcel Sol\u00eds Calixto TEE\/IE\/002\/2023 &#8211; Hilda Rosa Delgado Brito TEE\/JEC\/040\/2023 &#8211; Alfredo S\u00e1nchez Esquivel TEE\/JEC\/004\/2023 &#8211; Artemio Le\u00f3n Leal TEE\/LCI\/014\/2023 &#8211; Erik Fierro Delgado<\/p>\n","protected":false},"author":1,"featured_media":0,"comment_status":"open","ping_status":"open","sticky":false,"template":"","format":"standard","meta":{"_acf_changed":false,"footnotes":""},"categories":[210],"tags":[],"class_list":["post-11450","post","type-post","status-publish","format-standard","hentry","category-gaceta"],"acf":[],"_links":{"self":[{"href":"https:\/\/teegro.gob.mx\/sitio2025\/wp-json\/wp\/v2\/posts\/11450","targetHints":{"allow":["GET"]}}],"collection":[{"href":"https:\/\/teegro.gob.mx\/sitio2025\/wp-json\/wp\/v2\/posts"}],"about":[{"href":"https:\/\/teegro.gob.mx\/sitio2025\/wp-json\/wp\/v2\/types\/post"}],"author":[{"embeddable":true,"href":"https:\/\/teegro.gob.mx\/sitio2025\/wp-json\/wp\/v2\/users\/1"}],"replies":[{"embeddable":true,"href":"https:\/\/teegro.gob.mx\/sitio2025\/wp-json\/wp\/v2\/comments?post=11450"}],"version-history":[{"count":7,"href":"https:\/\/teegro.gob.mx\/sitio2025\/wp-json\/wp\/v2\/posts\/11450\/revisions"}],"predecessor-version":[{"id":11463,"href":"https:\/\/teegro.gob.mx\/sitio2025\/wp-json\/wp\/v2\/posts\/11450\/revisions\/11463"}],"wp:attachment":[{"href":"https:\/\/teegro.gob.mx\/sitio2025\/wp-json\/wp\/v2\/media?parent=11450"}],"wp:term":[{"taxonomy":"category","embeddable":true,"href":"https:\/\/teegro.gob.mx\/sitio2025\/wp-json\/wp\/v2\/categories?post=11450"},{"taxonomy":"post_tag","embeddable":true,"href":"https:\/\/teegro.gob.mx\/sitio2025\/wp-json\/wp\/v2\/tags?post=11450"}],"curies":[{"name":"wp","href":"https:\/\/api.w.org\/{rel}","templated":true}]}}